{"id":4916,"date":"2020-06-18T04:18:07","date_gmt":"2020-06-18T07:18:07","guid":{"rendered":"http:\/\/conurbanodiario.com.ar\/?p=4916"},"modified":"2020-06-18T04:18:08","modified_gmt":"2020-06-18T07:18:08","slug":"mayra-mendoza-superviso-las-obras-y-el-nuevo-equipamiento-del-hospital-modular-de-la-upa-17","status":"publish","type":"post","link":"https:\/\/conurbanodiario.com.ar\/?p=4916","title":{"rendered":"MAYRA MENDOZA SUPERVIS\u00d3 LAS OBRAS Y EL NUEVO EQUIPAMIENTO  DEL HOSPITAL MODULAR DE LA UPA 17"},"content":{"rendered":"\n<p>La intendenta de Quilmes, Mayra Mendoza, realiz\u00f3 una recorrida por el nuevo Hospital Modular de Emergencia que se est\u00e1 construyendo en la Unidad de Pronta Atenci\u00f3n (UPA) N\u00ba 17 de Quilmes, ubicada en Bernal Oeste, para verificar el nuevo equipamiento y resolver faltantes en los d\u00edas previos a su puesta en marcha. Con esta obra se est\u00e1 ampliando la cantidad de camas del distrito, en el marco de la pandemia por el coronavirus.<\/p>\n\n\n\n<p>\u201cEsta ma\u00f1ana recorrimos el Hospital Modular construido en el UPA N\u00ba 17 de Bernal Oeste por Ministerio de Obras P\u00fablicas. Est\u00e1n llegando todos los equipos e insumos necesarios y solo resta ultimar detalles para que comience a funcionar. Esta ampliaci\u00f3n se inici\u00f3 en marzo y forma parte de la puesta en marcha de distintos hospitales que se construyeron, a partir la decisi\u00f3n de Alberto Fern\u00e1ndez y de Axel Kicillof, para mejorar la infraestructura sanitaria en el marco de la pandemia\u201d, afirm\u00f3 la Jefa comunal<\/p>\n\n\n\n<p>Y agreg\u00f3: \u201cGracias a la articulaci\u00f3n entre Naci\u00f3n, Provincia y Municipio, nuestros vecinos pueden acceder a un sistema de salud de calidad\u201d. Este nuevo centro de salud cont\u00f3 con el financiamiento del Gobierno Nacional, mientras que el Municipio de Quilmes ejecut\u00f3 con aportes propios obras complementarias por 16,6 millones de pesos.<\/p>\n\n\n\n<p>El objetivo de la visita fue el de supervisar el nuevo equipamiento e identificar cuestiones pendientes en pos de ir organizando y cumplimentando dichas necesidades para poder proceder a la brevedad a la apertura del nuevo espacio sanitario y ponerlo en funcionamiento. As\u00ed se dar\u00e1 respuesta a lo que demande el sistema de salud local a favor de los quilme\u00f1os y las quilme\u00f1as que se vean afectados por el COVID 19.<\/p>\n\n\n\n<p>Durante la recorrida, Mayra Mendoza estuvo acompa\u00f1ada por el secretario de Salud de Quilmes, doctor Jonatan Konfino; su par de Desarrollo Urbano y Obras P\u00fablicas, Cecilia Soler; el director general de Redes de Servicios de Salud de la Comuna, Mat\u00edas Gallastegui; el director de la UPA N\u00ba 17, Lucas Ojeda, y la jefa de Guardia del Hospital Iriarte, Karina Taborda.<\/p>\n\n\n\n<p>Este Hospital Modular de Emergencia, es uno de los que dise\u00f1\u00f3 el Gobierno Nacional a lo largo del pa\u00eds para fortalecer el sistema de salud ante la pandemia por el coronavirus COVID-19. Contar\u00e1 con 52 camas generales y 24 de terapia intensiva para atender a los quilme\u00f1os y quilme\u00f1as. Son m\u00f3dulos de 1.000 M2, escalables (es decir que pueden ser ampliados con facilidad en caso de ser necesario), a trav\u00e9s de la metodolog\u00eda de la construcci\u00f3n en seco, lo que permite realizarlos de manera simult\u00e1nea en turnos rotativos de 24 horas.<\/p>\n","protected":false},"excerpt":{"rendered":"<p>La intendenta de Quilmes, Mayra Mendoza, realiz\u00f3 una recorrida por el nuevo Hospital Modular de&#8230;<\/p>\n","protected":false},"author":1,"featured_media":59656,"comment_status":"open","ping_status":"open","sticky":false,"template":"","format":"standard","meta":{"footnotes":""},"categories":[31],"tags":[],"class_list":["post-4916","post","type-post","status-publish","format-standard","has-post-thumbnail","hentry","category-salud"],"_links":{"self":[{"href":"https:\/\/conurbanodiario.com.ar\/index.php?rest_route=\/wp\/v2\/posts\/4916","targetHints":{"allow":["GET"]}}],"collection":[{"href":"https:\/\/conurbanodiario.com.ar\/index.php?rest_route=\/wp\/v2\/posts"}],"about":[{"href":"https:\/\/conurbanodiario.com.ar\/index.php?rest_route=\/wp\/v2\/types\/post"}],"author":[{"embeddable":true,"href":"https:\/\/conurbanodiario.com.ar\/index.php?rest_route=\/wp\/v2\/users\/1"}],"replies":[{"embeddable":true,"href":"https:\/\/conurbanodiario.com.ar\/index.php?rest_route=%2Fwp%2Fv2%2Fcomments&post=4916"}],"version-history":[{"count":1,"href":"https:\/\/conurbanodiario.com.ar\/index.php?rest_route=\/wp\/v2\/posts\/4916\/revisions"}],"predecessor-version":[{"id":4918,"href":"https:\/\/conurbanodiario.com.ar\/index.php?rest_route=\/wp\/v2\/posts\/4916\/revisions\/4918"}],"wp:featuredmedia":[{"embeddable":true,"href":"https:\/\/conurbanodiario.com.ar\/index.php?rest_route=\/wp\/v2\/media\/59656"}],"wp:attachment":[{"href":"https:\/\/conurbanodiario.com.ar\/index.php?rest_route=%2Fwp%2Fv2%2Fmedia&parent=4916"}],"wp:term":[{"taxonomy":"category","embeddable":true,"href":"https:\/\/conurbanodiario.com.ar\/index.php?rest_route=%2Fwp%2Fv2%2Fcategories&post=4916"},{"taxonomy":"post_tag","embeddable":true,"href":"https:\/\/conurbanodiario.com.ar\/index.php?rest_route=%2Fwp%2Fv2%2Ftags&post=4916"}],"curies":[{"name":"wp","href":"https:\/\/api.w.org\/{rel}","templated":true}]}}