{"id":4913,"date":"2020-06-18T04:10:12","date_gmt":"2020-06-18T07:10:12","guid":{"rendered":"http:\/\/conurbanodiario.com.ar\/?p=4913"},"modified":"2020-06-18T04:10:13","modified_gmt":"2020-06-18T07:10:13","slug":"matan-a-un-chofer-de-colectivo-frente-a-su-esposa-durante-un-asalto-en-merlo","status":"publish","type":"post","link":"https:\/\/conurbanodiario.com.ar\/?p=4913","title":{"rendered":"MATAN A UN CHOFER DE COLECTIVO FRENTE A SU ESPOSA DURANTE UN ASALTO EN MERLO"},"content":{"rendered":"\n<p>Un colectivero de 45 a\u00f1os fue asesinado de un balazo por delincuentes que lo interceptaron con fines de robo cuando estaba a bordo de su camioneta y esperaba a que su esposa realizara una compra en un comercio de la localidad bonaerense de Libertad, partido de Merlo, informaron fuentes policiales.<\/p>\n\n\n\n<p>El hecho ocurri\u00f3 el martes a la tarde, cerca de las 19.30, cuando el chofer Federico Rivero lleg\u00f3 a su casa luego de finalizar su d\u00eda de trabajo en la l\u00ednea 322 de la empresa de colectivos \u00abLa Perlita\u00bb y fue con su mujer a hacer compras a bordo de su camioneta.<\/p>\n\n\n\n<p>Seg\u00fan cont\u00f3 Andrea, viuda del colectivero, todo comenz\u00f3 cuando se detuvieron en un comercio situado en Sucre, entre Esqui\u00fa y Finocchietto, del barrio \u00abLa Blanquita\u00bb, donde ella baj\u00f3 a comprar una gaseosa y su marido de qued\u00f3 a bordo del rodado en marcha.<\/p>\n\n\n\n<p>\u00abEn eso veo a dos (personas) en la ventanilla del lado de mi esposo, digo lo estar\u00e1n saludando y oigo que \u00e9l cambia el tono de voz y dice &#8216;a vos qu\u00e9 te voy a dar&#8217;, ah\u00ed siento el tiro y el grito de \u00e9l\u00bb, relat\u00f3 la mujer al canal TN.<\/p>\n\n\n\n<p>Andrea cont\u00f3 que en ese momento sali\u00f3, que su marido estaba ca\u00eddo para el costado con medio cuerpo colgando del rodado porque los delincuentes \u00ablo quer\u00edan sacar a toda costa y llevarse la camioneta a toda costa\u00bb.<\/p>\n\n\n\n<p>Siempre seg\u00fan el relato de la mujer, en una r\u00e1pida maniobra ella lleg\u00f3 a apoderarse de las llaves de la camioneta porque pensaba que ser\u00eda la \u00fanica manera en la que luego podr\u00eda llevar a su marido al hospital, aunque los delincuentes no se dieron cuenta y la buscaron en el interior del veh\u00edculo.<\/p>\n\n\n\n<p>Como no la encontraron, finalmente ambos escaparon a pie con los tel\u00e9fonos celulares de la pareja y algo de dinero -unos 500 pesos- que hab\u00eda en una ri\u00f1onera de Rivero.<\/p>\n\n\n\n<p>Tras ello, y junto con su hijo que maneja, la mujer llev\u00f3 al herido hasta el hospital Eva Per\u00f3n.<\/p>\n\n\n\n<p>\u00abMe sent\u00e9 atr\u00e1s con \u00e9l, iba consciente y dec\u00eda &#8216;por qu\u00e9 dios mio, mam\u00e1, mami\u00bb, record\u00f3 Andrea.<\/p>\n\n\n\n<p>Una vez en el centro asistencial, Rivero sufri\u00f3 tres paros card\u00edacos y muri\u00f3, ya que la bala que la dispararon le ingres\u00f3 por la axila y le afect\u00f3 el coraz\u00f3n, dijeron las fuentes.<\/p>\n\n\n\n<p>\u00abIntent\u00f3 resistirse, eso es lo que hizo mal, si \u00e9l les hubiera dado la camioneta ya est\u00e1, para m\u00ed que se arrebat\u00f3 y se asust\u00f3\u00bb, dijo la esposa de la v\u00edctima, quien agreg\u00f3 que a su marido \u00ablo mataron como a un perro\u00bb y lo \u00abpatearon\u00bb cuando ya lo hab\u00edan sacado del rodado y estaba herido en el piso.<\/p>\n\n\n\n<p>Sobre los asaltantes, Andrea est\u00e1 segura que son personas que viven en el barrio, ya que reconoci\u00f3 a uno de ellos y otro al verla a ella dijo \u00abah, sos vos\u00bb.<\/p>\n\n\n\n<p>\u00abMi marido era un amor de persona. Todas las ma\u00f1anas se iba a trabajar a las dos de la ma\u00f1ana. C\u00f3mo padre no tengo nada que decir, era un ejemplo de persona. No merec\u00eda que le pase esto\u00bb, agreg\u00f3 la mujer.<\/p>\n\n\n\n<p>Finalmente, la viuda de Rivero denunci\u00f3 que en la zona no hay presencia policial, ya que la polic\u00eda \u00abaparece cuando llegan las c\u00e1maras y despu\u00e9s se va\u00bb.<\/p>\n\n\n\n<p>\u00abTen\u00e9s que enfierrarte y darle bala porque son menores y salen r\u00e1pido otra vez\u00bb, concluy\u00f3.<\/p>\n\n\n\n<p>La polic\u00eda local trabajaba para localizar a los agresores que quedaron registrados por las c\u00e1maras de seguridad cuando hu\u00edan en una moto negra.<\/p>\n\n\n\n<p>\u00abEl compa\u00f1ero era un excelente persona que ven\u00eda en su camioneta a trabajar porque no ten\u00eda transporte para llegar a Moreno\u00bb, cont\u00f3 esta ma\u00f1ana a TN Pablo Fernandez, delegado de la empresa \u00abLa Perlita\u00bb y compa\u00f1ero de Rivero.<\/p>\n\n\n\n<p>\u00abEra un gordo muy compa\u00f1ero, un trabajador con 18 a\u00f1os a\u00f1os de chofer, un buen hombre. Cada vez estamos mas inseguros en todos los barrios\u00bb, agreg\u00f3.<\/p>\n\n\n\n<p>La investigaci\u00f3n judidicial se encuentra a cargo de la fiscal\u00eda de turno de Mor\u00f3n, a cargo de Fernando Capello, que que orden\u00f3 diversas diligencias para dar con los asaltantes.<\/p>\n","protected":false},"excerpt":{"rendered":"<p>Un colectivero de 45 a\u00f1os fue asesinado de un balazo por delincuentes que lo interceptaron&#8230;<\/p>\n","protected":false},"author":1,"featured_media":59656,"comment_status":"open","ping_status":"open","sticky":false,"template":"","format":"standard","meta":{"footnotes":""},"categories":[10],"tags":[],"class_list":["post-4913","post","type-post","status-publish","format-standard","has-post-thumbnail","hentry","category-seguridad"],"_links":{"self":[{"href":"https:\/\/conurbanodiario.com.ar\/index.php?rest_route=\/wp\/v2\/posts\/4913","targetHints":{"allow":["GET"]}}],"collection":[{"href":"https:\/\/conurbanodiario.com.ar\/index.php?rest_route=\/wp\/v2\/posts"}],"about":[{"href":"https:\/\/conurbanodiario.com.ar\/index.php?rest_route=\/wp\/v2\/types\/post"}],"author":[{"embeddable":true,"href":"https:\/\/conurbanodiario.com.ar\/index.php?rest_route=\/wp\/v2\/users\/1"}],"replies":[{"embeddable":true,"href":"https:\/\/conurbanodiario.com.ar\/index.php?rest_route=%2Fwp%2Fv2%2Fcomments&post=4913"}],"version-history":[{"count":1,"href":"https:\/\/conurbanodiario.com.ar\/index.php?rest_route=\/wp\/v2\/posts\/4913\/revisions"}],"predecessor-version":[{"id":4915,"href":"https:\/\/conurbanodiario.com.ar\/index.php?rest_route=\/wp\/v2\/posts\/4913\/revisions\/4915"}],"wp:featuredmedia":[{"embeddable":true,"href":"https:\/\/conurbanodiario.com.ar\/index.php?rest_route=\/wp\/v2\/media\/59656"}],"wp:attachment":[{"href":"https:\/\/conurbanodiario.com.ar\/index.php?rest_route=%2Fwp%2Fv2%2Fmedia&parent=4913"}],"wp:term":[{"taxonomy":"category","embeddable":true,"href":"https:\/\/conurbanodiario.com.ar\/index.php?rest_route=%2Fwp%2Fv2%2Fcategories&post=4913"},{"taxonomy":"post_tag","embeddable":true,"href":"https:\/\/conurbanodiario.com.ar\/index.php?rest_route=%2Fwp%2Fv2%2Ftags&post=4913"}],"curies":[{"name":"wp","href":"https:\/\/api.w.org\/{rel}","templated":true}]}}