{"id":4906,"date":"2020-06-18T00:00:00","date_gmt":"2020-06-18T03:00:00","guid":{"rendered":"http:\/\/conurbanodiario.com.ar\/?p=4906"},"modified":"2020-08-19T02:30:27","modified_gmt":"2020-08-19T05:30:27","slug":"los-trabajadores-esenciales-deberan-renovar-su-permiso-para-circular-en-la-app-cuidar","status":"publish","type":"post","link":"https:\/\/conurbanodiario.com.ar\/?p=4906","title":{"rendered":"LOS TRABAJADORES ESENCIALES DEBER\u00c1N RENOVAR SU PERMISO PARA CIRCULAR EN LA APP \u00abCUIDAR\u00bb"},"content":{"rendered":"\n<p>Los trabajadores esenciales, alcanzados por el decreto presidencial que los exime del aislamiento obligatorio, deber\u00e1n renovar sus permisos para circular desde la medianoche de este jueves a trav\u00e9s de la plataforma &#8216;Cuidar&#8217;, una aplicaci\u00f3n que permite a los ciudadanos realizar un \u00abautocontrol\u00bb sanitario, con valor de declaraci\u00f3n jurada, entre otros servicios, seg\u00fan anunci\u00f3 esta noche el presidente Alberto Fern\u00e1ndez.<\/p>\n\n\n\n<p>La app hab\u00eda sido relanzada el 27 de abril para posibilitar el autoexamen de s\u00edntomas de coronavirus con nuevas herramientas de cuidado y prevenci\u00f3n, el permiso de circulaci\u00f3n y el contacto a los gobiernos provinciales, cuya primera edici\u00f3n ten\u00eda entonces 1.300.000 usuarios y permiti\u00f3 hacer 1.800.000 autoex\u00e1menes, se inform\u00f3 oficialmente.<\/p>\n\n\n\n<p>\u00abTenemos que bajar el nivel de tr\u00e1nsito para bajar los contagios. Hoy tuvimos una mirada com\u00fan en la reuni\u00f3n que mantuvimos con (el vicejefe de Gobierno porte\u00f1o) Diego Santilli y (el gobernador de Buenos Aires) Axel Kicillof\u00bb, se\u00f1al\u00f3 el presidente en una entrevista concedida al canal Telef\u00e9.<\/p>\n\n\n\n<p>Fern\u00e1ndez asegur\u00f3 que en los \u00faltimos d\u00edas \u00abaumentaron los contagios, la movilidad y la ocupaci\u00f3n hospitalaria\u00bb, por lo que llam\u00f3 a \u00abestar atentos\u00bb, y se\u00f1al\u00f3 que el coronavirus \u00abcircula en todos los barrios\u00bb.<\/p>\n\n\n\n<p>La aplicaci\u00f3n permite la autoevaluaci\u00f3n de s\u00edntomas en pocos pasos y suma la posibilidad de a\u00f1adir al Certificado \u00danico Habilitante de Circulaci\u00f3n (CUHC), un c\u00f3digo que muestra que el ciudadano o la ciudadana est\u00e1 habilitado\/a para movilizarse, siempre y cuando en el autoexamen no se detecten s\u00edntomas de Covid-19.<\/p>\n\n\n\n<p>&#8216;Cuidar` tambi\u00e9n brinda informaci\u00f3n de calidad a las provincias y al Ministerio de Salud de la Naci\u00f3n, para la agilizaci\u00f3n de la gesti\u00f3n conjunta en el marco de la emergencia sanitaria.<\/p>\n\n\n\n<p>La app fue desarrollada en conjunto entre la Secretar\u00eda de Innovaci\u00f3n P\u00fablica -siguiendo los requerimientos y necesidades del Ministerio de Salud-, el Ministerio de Ciencia y Tecnolog\u00eda de la Naci\u00f3n, la Fundaci\u00f3n Sadosky, el Consejo Nacional de Investigaciones Cient\u00edficas y T\u00e9cnicas (Conicet) y la C\u00e1mara de la Industria Argentina del Software (Cessi), que nucle\u00f3 a las empresas Hexacta, Globant, G&amp;L Group, C&amp;S, QServices, Gesti\u00f3nIT, Intive, Finnegans y Faraday.<\/p>\n\n\n\n<p>La aplicaci\u00f3n se encuentra disponible para iOS y Android, y para registrarse se debe ingresar el DNI y da la opci\u00f3n de la geolocalizaci\u00f3n. Luego comenzar\u00e1 el autoexamen.<\/p>\n\n\n\n<p>En casos de autodiagn\u00f3sticos que no tengan s\u00edntomas compatibles con Covid-19, la app recomienda realizar un nuevo testeo pasadas 48 horas e insiste en la necesidad de respetar el aislamiento social, preventivo y obligatorio.<\/p>\n\n\n\n<p>Si el usuario realiza una tarea esencial, el resultado del testeo se vincula autom\u00e1ticamente con el CUHC en la misma app a trav\u00e9s de un c\u00f3digo QR; o puede mostrarlo junto al certificado para circular emitido por el empleador.<\/p>\n","protected":false},"excerpt":{"rendered":"<p>Los trabajadores esenciales, alcanzados por el decreto presidencial que los exime del aislamiento obligatorio, deber\u00e1n&#8230;<\/p>\n","protected":false},"author":1,"featured_media":59656,"comment_status":"open","ping_status":"open","sticky":false,"template":"","format":"standard","meta":{"footnotes":""},"categories":[5],"tags":[],"class_list":["post-4906","post","type-post","status-publish","format-standard","has-post-thumbnail","hentry","category-el-pais"],"_links":{"self":[{"href":"https:\/\/conurbanodiario.com.ar\/index.php?rest_route=\/wp\/v2\/posts\/4906","targetHints":{"allow":["GET"]}}],"collection":[{"href":"https:\/\/conurbanodiario.com.ar\/index.php?rest_route=\/wp\/v2\/posts"}],"about":[{"href":"https:\/\/conurbanodiario.com.ar\/index.php?rest_route=\/wp\/v2\/types\/post"}],"author":[{"embeddable":true,"href":"https:\/\/conurbanodiario.com.ar\/index.php?rest_route=\/wp\/v2\/users\/1"}],"replies":[{"embeddable":true,"href":"https:\/\/conurbanodiario.com.ar\/index.php?rest_route=%2Fwp%2Fv2%2Fcomments&post=4906"}],"version-history":[{"count":1,"href":"https:\/\/conurbanodiario.com.ar\/index.php?rest_route=\/wp\/v2\/posts\/4906\/revisions"}],"predecessor-version":[{"id":4908,"href":"https:\/\/conurbanodiario.com.ar\/index.php?rest_route=\/wp\/v2\/posts\/4906\/revisions\/4908"}],"wp:featuredmedia":[{"embeddable":true,"href":"https:\/\/conurbanodiario.com.ar\/index.php?rest_route=\/wp\/v2\/media\/59656"}],"wp:attachment":[{"href":"https:\/\/conurbanodiario.com.ar\/index.php?rest_route=%2Fwp%2Fv2%2Fmedia&parent=4906"}],"wp:term":[{"taxonomy":"category","embeddable":true,"href":"https:\/\/conurbanodiario.com.ar\/index.php?rest_route=%2Fwp%2Fv2%2Fcategories&post=4906"},{"taxonomy":"post_tag","embeddable":true,"href":"https:\/\/conurbanodiario.com.ar\/index.php?rest_route=%2Fwp%2Fv2%2Ftags&post=4906"}],"curies":[{"name":"wp","href":"https:\/\/api.w.org\/{rel}","templated":true}]}}