{"id":4883,"date":"2020-06-18T01:08:00","date_gmt":"2020-06-18T04:08:00","guid":{"rendered":"http:\/\/conurbanodiario.com.ar\/?p=4883"},"modified":"2020-06-22T20:41:29","modified_gmt":"2020-06-22T23:41:29","slug":"hay-142-casos-de-sarampion-en-la-provincia-de-buenos-aires","status":"publish","type":"post","link":"https:\/\/conurbanodiario.com.ar\/?p=4883","title":{"rendered":"HAY 142 CASOS DE SARAMPI\u00d3N EN LA PROVINCIA DE BUENOS AIRES"},"content":{"rendered":"\n<p>El Ministerio de Salud de la provincia de Buenos Aires, revel\u00f3 que existen 142 casos de sarampi\u00f3n en el distrito, distribuidos en 20 municipios bonaerenses, e inform\u00f3 que el \u00faltimo caso se registr\u00f3 el 20 de marzo pasado en el partido de Ezeiza.<\/p>\n\n\n\n<p>La proporci\u00f3n de personas enfermas no vacunadas o con vacunaci\u00f3n incompleta para la edad alcanz\u00f3 el 91,5% de los casos, revel\u00f3 la cartera sanitaria en su bolet\u00edn epidemiol\u00f3gico de ayer mi\u00e9rcoles.<\/p>\n\n\n\n<p>En este \u00faltimo reporte, el ministerio vuelve a alertar que desde comienzos de septiembre de 2019, \u00abArgentina est\u00e1 registrando la mayor incidencia de casos confirmados de sarampi\u00f3n desde la eliminaci\u00f3n de la circulaci\u00f3n end\u00e9mica del virus, alcanzada en el a\u00f1o 2000 y certificada en 2016 por la Organizaci\u00f3n Panamericana de la Salud (OPS)\u00bb.<\/p>\n\n\n\n<p><strong>Desde el inicio del brote, en septiembre del a\u00f1o pasado, se registraron casos en 20 municipios: Almirante Brown (2), Avellaneda (1), Berazategui (1), Hurlingham (2), Ituzaing\u00f3 (7), La Matanza (22), Lan\u00fas (4), Lomas de Zamora (8), Malvinas Argentinas (6), Marcos Paz (1), Merlo (36), Moreno (21), Mor\u00f3n (3), Pilar (3), Quilmes (3), San Mart\u00edn (11), Tigre (4), Tres de Febrero (3), Vicente L\u00f3pez (2) y Ezeiza (2).<\/strong><\/p>\n\n\n\n<p>Los casos con antecedente de viaje registrado a un pa\u00eds con circulaci\u00f3n de virus sarampi\u00f3n suman cinco (3,5 % del total). De ellos, hay un caso antecedente de viaje a Espa\u00f1a, dos a Brasil y otros dos a Estados Unidos.<\/p>\n\n\n\n<p>El ministerio inform\u00f3 que los casos de fuente desconocida (los que no son importados o relacionados a la importaci\u00f3n suman 137 en la provincia y representan 96,5% del total.<\/p>\n\n\n\n<p>De esos 137, 97 de ellos, es decir el 68,3% de esa cifra, est\u00e1n agrupados en 21 nuevas cadenas de transmisi\u00f3n, mientras que 39 casos, 28,2%, el v\u00ednculo se encuentra todav\u00eda en estudio.<\/p>\n\n\n\n<p>En ese sentido, el bolet\u00edn aclara que \u00abel virus del sarampi\u00f3n que circula actualmente, genotipo D8 linaje MVs\/GirSomnath.IND\/42.16 registra una amplia circulaci\u00f3n en la Regi\u00f3n de las Am\u00e9ricas, es diferente al que produjo el brote del a\u00f1o 2018 en la provincia de Buenos Aires, lo que indica que estamos frente a 21 nuevas cadenas de transmisi\u00f3n\u00bb.<\/p>\n\n\n\n<p>Estas cadenas fueron identificadas en los municipios de Ituzaing\u00f3, La Matanza, Merlo, Moreno, San Mart\u00edn, Hurlingham, Malvinas Argentinas y Ezeiza y la edad en los casos confirmados va de dos meses a 61 a\u00f1os.<\/p>\n\n\n\n<p><strong>La tasa de incidencia por grupos de edad muestra que los menores de un a\u00f1o registran la tasa m\u00e1s alta.<\/strong><\/p>\n\n\n\n<p>El Bolet\u00edn tambi\u00e9n da cuenta de la muerte de una mujer de 50 a\u00f1os con diagn\u00f3stico de encefalitis por el virus del sarampi\u00f3n. La v\u00edctima estaba inmunosuprimida y viv\u00eda en un municipio con circulaci\u00f3n viral.<\/p>\n","protected":false},"excerpt":{"rendered":"<p>El Ministerio de Salud de la provincia de Buenos Aires, revel\u00f3 que existen 142 casos&#8230;<\/p>\n","protected":false},"author":1,"featured_media":59656,"comment_status":"open","ping_status":"open","sticky":false,"template":"","format":"standard","meta":{"footnotes":""},"categories":[31],"tags":[],"class_list":["post-4883","post","type-post","status-publish","format-standard","has-post-thumbnail","hentry","category-salud"],"_links":{"self":[{"href":"https:\/\/conurbanodiario.com.ar\/index.php?rest_route=\/wp\/v2\/posts\/4883","targetHints":{"allow":["GET"]}}],"collection":[{"href":"https:\/\/conurbanodiario.com.ar\/index.php?rest_route=\/wp\/v2\/posts"}],"about":[{"href":"https:\/\/conurbanodiario.com.ar\/index.php?rest_route=\/wp\/v2\/types\/post"}],"author":[{"embeddable":true,"href":"https:\/\/conurbanodiario.com.ar\/index.php?rest_route=\/wp\/v2\/users\/1"}],"replies":[{"embeddable":true,"href":"https:\/\/conurbanodiario.com.ar\/index.php?rest_route=%2Fwp%2Fv2%2Fcomments&post=4883"}],"version-history":[{"count":1,"href":"https:\/\/conurbanodiario.com.ar\/index.php?rest_route=\/wp\/v2\/posts\/4883\/revisions"}],"predecessor-version":[{"id":4885,"href":"https:\/\/conurbanodiario.com.ar\/index.php?rest_route=\/wp\/v2\/posts\/4883\/revisions\/4885"}],"wp:featuredmedia":[{"embeddable":true,"href":"https:\/\/conurbanodiario.com.ar\/index.php?rest_route=\/wp\/v2\/media\/59656"}],"wp:attachment":[{"href":"https:\/\/conurbanodiario.com.ar\/index.php?rest_route=%2Fwp%2Fv2%2Fmedia&parent=4883"}],"wp:term":[{"taxonomy":"category","embeddable":true,"href":"https:\/\/conurbanodiario.com.ar\/index.php?rest_route=%2Fwp%2Fv2%2Fcategories&post=4883"},{"taxonomy":"post_tag","embeddable":true,"href":"https:\/\/conurbanodiario.com.ar\/index.php?rest_route=%2Fwp%2Fv2%2Ftags&post=4883"}],"curies":[{"name":"wp","href":"https:\/\/api.w.org\/{rel}","templated":true}]}}