{"id":4878,"date":"2020-06-18T01:56:06","date_gmt":"2020-06-18T04:56:06","guid":{"rendered":"http:\/\/conurbanodiario.com.ar\/?p=4878"},"modified":"2020-06-18T01:56:07","modified_gmt":"2020-06-18T04:56:07","slug":"suman-913-las-victimas-fatales-por-coronavirus-y-son-35-552-los-infectados-en-el-pais","status":"publish","type":"post","link":"https:\/\/conurbanodiario.com.ar\/?p=4878","title":{"rendered":"SUMAN 913 LAS V\u00cdCTIMAS FATALES POR CORONAVIRUS Y SON 35.552 LOS INFECTADOS EN EL PA\u00cdS"},"content":{"rendered":"\n<p>Treinta y cinco personas murieron y 1.393 fueron diagnosticadas con coronavirus en las \u00faltimas 24 horas en Argentina, con lo que suman 913 las v\u00edctimas fatales y 35.552 los infectados desde el inicio de la pandemia, inform\u00f3 anoche el Ministerio de Salud de la Naci\u00f3n.<\/p>\n\n\n\n<p>El 94% de los nuevos casos, 1.321 contagiados, corresponde a la provincia de Buenos Aires (57%) y a la Ciudad de Buenos Aires (37%).<\/p>\n\n\n\n<p>Del total acumulado de casos desde el inicio de la pandemia, 1.036 (2,9%) son importados, 13.805 (38,8%) son contactos estrechos de casos confirmados, 14.433 (40,6%) son casos de circulaci\u00f3n comunitaria y el resto se encuentra en investigaci\u00f3n epidemiol\u00f3gica<\/p>\n\n\n\n<p>La cartera sanitaria inform\u00f3 en su reporte vespertino que fallecieron 16 hombres, siete residentes en la provincia de Buenos Aires de 51, 67, 50, 78, 83, 66 y 48; nueve residentes en la Ciudad de Buenos Aires de 93, 45, 81, 89, 71, 84, 89, 79 y 89 a\u00f1os.<\/p>\n\n\n\n<p>Adem\u00e1s, murieron 11 mujeres, cinco residentes en la provincia de Buenos Aires de 61, 58, 66, 62 y 25 a\u00f1os; y seis residentes en la Ciudad de Buenos Aires de 88, 96, 103, 82, 94 y 97 a\u00f1os.<\/p>\n\n\n\n<p>El parte matutino consign\u00f3 que se registraron ocho nuevas muertes: tres mujeres residentes en la Ciudad de Buenos Aires de 87, 67 y 87 a\u00f1os; y cinco hombres tambi\u00e9n residentes en la Ciudad de Buenos Aires 51, 55, 64, 65 y 77 a\u00f1os.<\/p>\n\n\n\n<p>De los diagnosticados ayer con Covid-19, se registraron en la provincia de Buenos Aires 799 casos, en la Ciudad de Buenos Aires 522, en Chaco 20, en Chubut 8, en C\u00f3rdoba 6, en Corrientes 2, en Entre R\u00edos 5, en Jujuy 1, en Mendoza 1, en Neuqu\u00e9n 11, en R\u00edo Negro 14, en Salta 1, en Santa Fe 2 y Tucum\u00e1n 1.<\/p>\n\n\n\n<p>En tanto, no se notificaron infectados en Formosa, La Pampa, La Rioja, Misiones, San Juan, San Luis, Santa Cruz, Santiago del Estero y Tierra del Fuego.<\/p>\n\n\n\n<p>El n\u00famero total de acumulados por jurisdicci\u00f3n indica que la provincia de Buenos Aires suma 15.345 casos, la Ciudad de Buenos Aires 16.299, Chaco 1.407, Chubut 72, C\u00f3rdoba 504, Corrientes 107, Entre R\u00edos 105, Formosa 33, Jujuy 9 y La Pampa 6.<\/p>\n\n\n\n<p>La Rioja alcanza 64 casos, Mendoza 116, Misiones 38, Neuqu\u00e9n 251, R\u00edo Negro 595, Salta 21, San Juan 7, San Luis 11, Santa Cruz 51, Santa Fe 290, Santiago del Estero 22, Tierra del Fuego 149, y Tucum\u00e1n 57.<\/p>\n\n\n\n<p>Catamarca contin\u00faa sin registrar contagiados con coronavirus.<\/p>\n\n\n\n<p>Adem\u00e1s, se incluyen, en Tierra del Fuego, 13 casos existentes en las Islas Malvinas, seg\u00fan informaci\u00f3n de prensa debido a que \u00abpor la ocupaci\u00f3n ilegal del Reino Unido, Gran Breta\u00f1a e Irlanda del Norte no es posible contar con informaci\u00f3n propia sobre el impacto del Covid-19 en esa parte del territorio argentino\u00bb.<\/p>\n\n\n\n<p>Por su parte, el presidente Alberto Fern\u00e1ndez afirm\u00f3 que caducar\u00e1n los permisos para el transporte p\u00fablico en la zona del AMBA, y asegur\u00f3 que en los \u00faltimos d\u00edas \u201caumentaron los contagios, la movilidad y la ocupaci\u00f3n hospitalaria\u00bb, por lo que llam\u00f3 a \u00abestar atentos\u00bb, y se\u00f1al\u00f3 que el coronavirus \u00abcircula en todos los barrios\u201d.<\/p>\n\n\n\n<p>\u201cTenemos que bajar el nivel de tr\u00e1nsito para bajar los contagios. Tuvimos una mirada com\u00fan en la reuni\u00f3n que mantuvimos con (el vicejefe de Gobierno porte\u00f1o) Diego Santilli y (el gobernador de Buenos Aires) Axel Kicillof\u201d en la Residencia de Olivos, se\u00f1al\u00f3 el mandatario al canal Telef\u00e9.<\/p>\n\n\n\n<p>La Unidad M\u00e9dica Presidencial le recomend\u00f3 a Fern\u00e1ndez \u00abrestringir al m\u00e1ximo el posible contacto interpersonal\u00bb y continuar desempe\u00f1ando sus tareas habituales en la residencia de Olivos, debido a la propagaci\u00f3n del coronavirus en el Area Metropolitana Buenos Aires (AMBA).<\/p>\n\n\n\n<p>En tanto, investigadores argentinos logran neutralizar el coronavirus en laboratorio con suero de equinos y apuntan a iniciar el ensayo cl\u00ednico durante julio pr\u00f3ximo.<\/p>\n\n\n\n<p>Se trata de un trabajo de articulaci\u00f3n p\u00fablica-privada encabezado por el laboratorio Inmunova y el Instituto Biol\u00f3gico Argentino (BIOL), la Administraci\u00f3n Nacional de Laboratorios e Institutos de Salud \u00abDr. Carlos G. Malbr\u00e1n\u00bb (Anlis), con la colaboraci\u00f3n de la Fundaci\u00f3n Instituto Leloir (FIL), Mabxience, Conicet y la Universidad Nacional de San Mart\u00edn (Unsam).<\/p>\n\n\n\n<p>\u00abHemos iniciado conversaciones con la Anmat y estamos presentando los resultados de los ensayos de laboratorio al organismo, apuntando a iniciar el ensayo cl\u00ednico durante julio\u00bb, indic\u00f3 a T\u00e9lam Fernando Goldbaum, director cient\u00edfico de Inmunova, jefe del Laboratorio de Inmunolog\u00eda y Microbiolog\u00eda Molecular en la Fundaci\u00f3n Instituto Leloir.<\/p>\n\n\n\n<p>La utilizaci\u00f3n de sueros como tratamiento se denomina inmunizaci\u00f3n pasiva y consiste en administrar anticuerpos a los pacientes contra el agente infeccioso, produciendo su bloqueo y evitando que se propague.<\/p>\n\n\n\n<p>La directora de Salud Comunitaria del Ministerio de Salud bonaerense, Noelia L\u00f3pez, dijo a Radio Provincia que \u00abpreocupa\u00bb la duplicaci\u00f3n de los casos en el distrito y remarc\u00f3 que ante eso lo \u00fanico eficaz es el aislamiento.<\/p>\n\n\n\n<p>El ministro de Salud porte\u00f1o, Fern\u00e1n Quir\u00f3s, advirti\u00f3 por su parte que \u00absi la sociedad no puede hacer el esfuerzo y el AMBA toma una velocidad superior\u00bb de contagios de coronavirus, tendr\u00e1n \u00abque pedirle a la ciudadan\u00eda un mayor esfuerzo para bajar bruscamente la curva\u00bb, en referencia a la posibilidad del regreso a una cuarentena m\u00e1s estricta en el distrito capitalino.<\/p>\n\n\n\n<p><strong>En el plano global, la Organizaci\u00f3n Mundial de la Salud (OMS) inform\u00f3 que la cifra global de casos de coronavirus super\u00f3 ayer en el mundo los ocho millones desde el inicio de la pandemia, en medio del alerta causada por los rebrotes en pa\u00edses que parec\u00edan haber controlado la enfermedad, como China, Ucrania e Ir\u00e1n, mientras en.<\/strong><\/p>\n\n\n\n<p>Am\u00e9rica la curva sigue en ascenso en pa\u00edses como Estados Unidos, Chile y Brasil.<\/p>\n\n\n\n<p>China cancel\u00f3 ayer m\u00e1s del 60% de los vuelos en Beijing y la ciudad desinfectar\u00e1 todos sus mercados, restaurantes y universidades y testear\u00e1 a sus trabajadores y responsables por el brote de coronavirus en la capital.<\/p>\n\n\n\n<p>Las medidas se anunciaron luego de que la Comisi\u00f3n Nacional de Salud de China informara de 31 nuevos casos de coronavirus en Beijing, por encima de los 27 anunciados el martes, con lo que se elev\u00f3 a 137 el n\u00famero de contagios detectados en la capital desde el viernes pasado, la mayor\u00eda de ellos vinculados a un mercado de alimentos.<\/p>\n\n\n\n<p>A nivel nacional, China inform\u00f3 de 44 casos, incluyendo los 31 de Beijing, pero de ninguna muerte en las 24 horas previas.<\/p>\n\n\n\n<p>Estados Unidos, por su parte, ya registra m\u00e1s de 2,1 millones de casos y m\u00e1s de 117.500 muertos, seg\u00fan la Universidad Johns Hopkins.<\/p>\n\n\n\n<p>Chile volvi\u00f3 a tener un r\u00e9cord de fallecidos en las \u00faltimas 24 horas con 232 y, pese a registrar un leve descenso de contagios diarios con m\u00e1s de 4.500, decidi\u00f3 extender la cuarentena en la Regi\u00f3n Metropolitana de Santiago, sumar nuevas zonas y limitar los permisos y salvoconductos.<\/p>\n\n\n\n<p>Brasil sum\u00f3 ayer m\u00e1s de 32.000 casos nuevos de coronavirus y todo indica que esta semana superar\u00e1 el mill\u00f3n de infectados.<\/p>\n\n\n\n<p>El pa\u00eds, el segundo con m\u00e1s infectados y muertos en todo el mundo, solo superado por Estados Unidos, registra hasta ayer 955.377 casos confirmados y 46.510 muertos por coronavirus, seg\u00fan el Ministerio de Salud.<\/p>\n\n\n\n<p>En Europa, los pa\u00edses m\u00e1s golpeados siguen adelante con sus pol\u00edticas de apertura, aunque el Reino Unido tuvo 184 muertos en las \u00faltimas 24 horas y ya supera los 42.000, e Italia report\u00f3 43 decesos y alcanz\u00f3 un total de 34.448 desde el inicio de la pandemia.<\/p>\n","protected":false},"excerpt":{"rendered":"<p>Treinta y cinco personas murieron y 1.393 fueron diagnosticadas con coronavirus en las \u00faltimas 24&#8230;<\/p>\n","protected":false},"author":1,"featured_media":59656,"comment_status":"open","ping_status":"open","sticky":false,"template":"","format":"standard","meta":{"footnotes":""},"categories":[5],"tags":[],"class_list":["post-4878","post","type-post","status-publish","format-standard","has-post-thumbnail","hentry","category-el-pais"],"_links":{"self":[{"href":"https:\/\/conurbanodiario.com.ar\/index.php?rest_route=\/wp\/v2\/posts\/4878","targetHints":{"allow":["GET"]}}],"collection":[{"href":"https:\/\/conurbanodiario.com.ar\/index.php?rest_route=\/wp\/v2\/posts"}],"about":[{"href":"https:\/\/conurbanodiario.com.ar\/index.php?rest_route=\/wp\/v2\/types\/post"}],"author":[{"embeddable":true,"href":"https:\/\/conurbanodiario.com.ar\/index.php?rest_route=\/wp\/v2\/users\/1"}],"replies":[{"embeddable":true,"href":"https:\/\/conurbanodiario.com.ar\/index.php?rest_route=%2Fwp%2Fv2%2Fcomments&post=4878"}],"version-history":[{"count":1,"href":"https:\/\/conurbanodiario.com.ar\/index.php?rest_route=\/wp\/v2\/posts\/4878\/revisions"}],"predecessor-version":[{"id":4880,"href":"https:\/\/conurbanodiario.com.ar\/index.php?rest_route=\/wp\/v2\/posts\/4878\/revisions\/4880"}],"wp:featuredmedia":[{"embeddable":true,"href":"https:\/\/conurbanodiario.com.ar\/index.php?rest_route=\/wp\/v2\/media\/59656"}],"wp:attachment":[{"href":"https:\/\/conurbanodiario.com.ar\/index.php?rest_route=%2Fwp%2Fv2%2Fmedia&parent=4878"}],"wp:term":[{"taxonomy":"category","embeddable":true,"href":"https:\/\/conurbanodiario.com.ar\/index.php?rest_route=%2Fwp%2Fv2%2Fcategories&post=4878"},{"taxonomy":"post_tag","embeddable":true,"href":"https:\/\/conurbanodiario.com.ar\/index.php?rest_route=%2Fwp%2Fv2%2Ftags&post=4878"}],"curies":[{"name":"wp","href":"https:\/\/api.w.org\/{rel}","templated":true}]}}