{"id":4875,"date":"2020-06-18T01:47:58","date_gmt":"2020-06-18T04:47:58","guid":{"rendered":"http:\/\/conurbanodiario.com.ar\/?p=4875"},"modified":"2020-06-18T01:47:58","modified_gmt":"2020-06-18T04:47:58","slug":"investigan-cual-de-los-rugbiers-pateo-en-el-rostro-a-baez-sosa-en-villa-gesell","status":"publish","type":"post","link":"https:\/\/conurbanodiario.com.ar\/?p=4875","title":{"rendered":"INVESTIGAN CU\u00c1L DE LOS RUGBIERS PATE\u00d3 EN EL ROSTRO A B\u00c1EZ SOSA EN VILLA GESELL"},"content":{"rendered":"\n<p>Los investigadores del crimen de Fernando B\u00e1ez Sosa en Villa Gesell, del que se cumplen cinco meses, intentan a\u00fan precisar cu\u00e1l de los ocho rugbiers detenidos fue el que pate\u00f3 en el rostro a la v\u00edctima, para lo cual tomaron nuevas muestras de las plantas de los pies de los imputados ya que las impresiones tomadas a las zapatillas resultaron insuficientes, informaron este mi\u00e9rcoles fuentes de la investigaci\u00f3n.<\/p>\n\n\n\n<p>Las pericias scopom\u00e9tricas sobre los calzados de los j\u00f3venes detenidos por el crimen, ocurrido el 18 de enero frente al boliche Le Brique, comenzaron el 29 de mayo en el laboratorio de la Polic\u00eda Federal Argentina (PFA) en Mar del Plata, y a partir de este nuevo requerimiento,&nbsp;<strong>sus resultados se demorar\u00e1n al menos otras dos semanas.<\/strong><\/p>\n\n\n\n<p><strong>El objetivo de estas pericias es cotejar las huellas de las zapatillas secuestradas<\/strong>&nbsp;en la vivienda que los acusados alquilaban en Gesell, con una impronta hallada en la cara de B\u00e1ez Sosa (18), y a partir de esa comparaci\u00f3n, determinar a su vez a qui\u00e9n de ellos pertenece el calzado.<\/p>\n\n\n\n<p>\u00abHay una impronta de un calzado en el rostro de Fernando que ha quedado bien gr\u00e1fica,&nbsp;<strong>como un pisot\u00f3n con la punta<\/strong>. Ese dibujo se coteja mediante fotos con las zapatillas secuestradas. Y hay que determinar adem\u00e1s, a qui\u00e9n se le atribuye esa zapatilla\u00bb, indic\u00f3 a T\u00e9lam una fuente del caso.<\/p>\n\n\n\n<p>Para poder completar el peritaje, la fiscal de la causa, Ver\u00f3nica Zamboni, titular de la Unidad Funcional de Instrucci\u00f3n 5 gesellina,&nbsp;<strong>orden\u00f3 la toma de nuevas huellas plantares de los ocho rugbiers detenidos&nbsp;<\/strong>en la Alcaid\u00eda de Melchor Romero, para determinar el tipo de pisada y precisar cu\u00e1l de ellos es el due\u00f1o del calzado que impact\u00f3 la cara de la v\u00edctima.<\/p>\n\n\n\n<p>Fuentes judiciales aseguraron a T\u00e9lam que los expertos de la Polic\u00eda Cient\u00edfica ya tomaron la muestra y el material fue aportado para su an\u00e1lisis.De ese modo, los peritos de la delegaci\u00f3n marplatense de la PFA continuaban trabajando, y el resultado podr\u00eda demorar al menos otras dos semanas.<\/p>\n\n\n\n<p>Esta&nbsp;<strong>es una de las medidas de prueba pendientes en la causa<\/strong>, por la que est\u00e1n detenidos<strong>&nbsp;M\u00e1ximo Thomsen (20), Ciro Pertosi (20), Luciano Pertossi (18), Lucas Pertossi (21), Enzo Comelli (20), Mat\u00edas Benicelli (20), Blas Cinalli (19) y Ayrton Viollaz (21),<\/strong>&nbsp;imputados como coautores del delito de \u00abhomicidio agravado por alevos\u00eda y por el concurso premeditado de dos o m\u00e1s personas\u00bb.Adem\u00e1s, est\u00e1n&nbsp;<strong>acusados como \u00abparticipe necesario\u00bb Juan Pedro Guarino (19) y Alejo Milanesi (19), quienes fueron excarcelados.<\/strong><\/p>\n\n\n\n<p>Seg\u00fan una fuente de la causa, en las primeras semanas de investigaci\u00f3n \u00abse confeccion\u00f3 un informe preliminar\u00bb&nbsp;<strong>respecto del calzado y la huella hallada en el cuerpo,<\/strong>&nbsp;pero el peritaje en curso \u00abes m\u00e1s profundo y con una opini\u00f3n o conclusi\u00f3n del profesional interviniente\u00bb.<br>\u00abAquel informe s\u00f3lo describe los elementos analizados. La nueva pericia llega a una conclusi\u00f3n en base a un an\u00e1lisis desarrollado en puntos de inter\u00e9s\u00bb, asegur\u00f3.<\/p>\n\n\n\n<p>En cuanto a la situaci\u00f3n de los imputados, en tanto, un peritaje de ADN determin\u00f3 a principios de mes&nbsp;<strong>el hallazgo de sangre de B\u00e1ez Sosa en la camisa de uno de los ocho rugbiers<\/strong>, mientras que fueron encontrados adem\u00e1s rastros gen\u00e9ticos de otro de ellos en un dedo me\u00f1ique de la v\u00edctima.<\/p>\n\n\n\n<p>El informe pericial se\u00f1al\u00f3 que fue hallada sangre de la v\u00edctima en la camisa de&nbsp;<strong>Benicelli<\/strong>, que estaba mezclada con sangre del propio agresor.Adem\u00e1s, se determin\u00f3 que en la u\u00f1a del dedo me\u00f1ique de Fernando fue encontrada sangre de&nbsp;<strong>Cinalli<\/strong>, punto que ya hab\u00eda sido adelantado a mediados de abril, cuando los investigadores recibieron un resultado preliminar del peritaje.<\/p>\n\n\n\n<p>Estos resultados fueron obtenidos en el Instituto de Investigaci\u00f3n Criminal y Ciencias Forenses de Jun\u00edn, que detall\u00f3 en un informe final que fueron analizadas 116 levantadas en el marco de la investigaci\u00f3n del homicidio, y&nbsp;<strong>se obtuvieron 49 conclusiones.<\/strong><\/p>\n\n\n\n<p>La marcha de la investigaci\u00f3n<\/p>\n\n\n\n<p>A cinco meses del homicidio, se encuentran pendientes los peritajes psicol\u00f3gicos y psiqui\u00e1tricos solicitados por el juez de Garant\u00edas de Villa Gesell, David Mancinelli, para los detenidos, y reci\u00e9n podr\u00e1n realizarse cuando se levante la cuarentena por el coronavirus,<strong>&nbsp;para evitar desplazamientos fuera del penal en el que est\u00e1n alojados.<\/strong><\/p>\n\n\n\n<p>Esas medidas estaban programadas entre el 13 y el 24 de abril en la Asesor\u00eda Pericial de La Plata, pero fueron postergadas y por el momento no tienen fecha prevista, ya que&nbsp;<strong>eso depende del fin de la cuarentena.<\/strong><\/p>\n\n\n\n<p>Los peritajes psicol\u00f3gicos y psiqui\u00e1tricos hab\u00edan sido solicitados por Mancinelli&nbsp;<strong>a partir del pedido de arresto domiciliario presentado por el defensor de los rugbiers, Hugo Tomei,<\/strong>&nbsp;y su resultado tambi\u00e9n es aguardado por la fiscal para incorporarlo al expediente, antes de requerir la elevaci\u00f3n a juicio del caso.<\/p>\n\n\n\n<p>En el marco del incidente de morigeraci\u00f3n, adem\u00e1s, deber\u00e1n esperar el fin de la cuarentena los informes socioambientales que el magistrado<strong>&nbsp;solicit\u00f3 a la Asesor\u00eda Pericial del Departamento Judicial Z\u00e1rate-Campana<\/strong>, para conocer qui\u00e9nes viven en los domicilios fijados en la causa por cada imputado y qui\u00e9nes ser\u00edan eventualmente los tutores de conducta, qu\u00e9 din\u00e1mica familiar existe y la situaci\u00f3n habitacional y laboral del grupo.<\/p>\n","protected":false},"excerpt":{"rendered":"<p>Los investigadores del crimen de Fernando B\u00e1ez Sosa en Villa Gesell, del que se cumplen&#8230;<\/p>\n","protected":false},"author":1,"featured_media":59656,"comment_status":"open","ping_status":"open","sticky":false,"template":"","format":"standard","meta":{"footnotes":""},"categories":[29],"tags":[],"class_list":["post-4875","post","type-post","status-publish","format-standard","has-post-thumbnail","hentry","category-judiciales"],"_links":{"self":[{"href":"https:\/\/conurbanodiario.com.ar\/index.php?rest_route=\/wp\/v2\/posts\/4875","targetHints":{"allow":["GET"]}}],"collection":[{"href":"https:\/\/conurbanodiario.com.ar\/index.php?rest_route=\/wp\/v2\/posts"}],"about":[{"href":"https:\/\/conurbanodiario.com.ar\/index.php?rest_route=\/wp\/v2\/types\/post"}],"author":[{"embeddable":true,"href":"https:\/\/conurbanodiario.com.ar\/index.php?rest_route=\/wp\/v2\/users\/1"}],"replies":[{"embeddable":true,"href":"https:\/\/conurbanodiario.com.ar\/index.php?rest_route=%2Fwp%2Fv2%2Fcomments&post=4875"}],"version-history":[{"count":1,"href":"https:\/\/conurbanodiario.com.ar\/index.php?rest_route=\/wp\/v2\/posts\/4875\/revisions"}],"predecessor-version":[{"id":4877,"href":"https:\/\/conurbanodiario.com.ar\/index.php?rest_route=\/wp\/v2\/posts\/4875\/revisions\/4877"}],"wp:featuredmedia":[{"embeddable":true,"href":"https:\/\/conurbanodiario.com.ar\/index.php?rest_route=\/wp\/v2\/media\/59656"}],"wp:attachment":[{"href":"https:\/\/conurbanodiario.com.ar\/index.php?rest_route=%2Fwp%2Fv2%2Fmedia&parent=4875"}],"wp:term":[{"taxonomy":"category","embeddable":true,"href":"https:\/\/conurbanodiario.com.ar\/index.php?rest_route=%2Fwp%2Fv2%2Fcategories&post=4875"},{"taxonomy":"post_tag","embeddable":true,"href":"https:\/\/conurbanodiario.com.ar\/index.php?rest_route=%2Fwp%2Fv2%2Ftags&post=4875"}],"curies":[{"name":"wp","href":"https:\/\/api.w.org\/{rel}","templated":true}]}}