{"id":4872,"date":"2020-06-17T22:38:40","date_gmt":"2020-06-18T01:38:40","guid":{"rendered":"http:\/\/conurbanodiario.com.ar\/?p=4872"},"modified":"2020-06-17T22:38:40","modified_gmt":"2020-06-18T01:38:40","slug":"acto-vandalico-en-quilmes-oeste-casi-termina-en-tragedia","status":"publish","type":"post","link":"https:\/\/conurbanodiario.com.ar\/?p=4872","title":{"rendered":"ACTO VAND\u00c1LICO EN QUILMES OESTE CASI TERMINA EN TRAGEDIA"},"content":{"rendered":"\n<p>Un hecho de vandalismo se registr\u00f3 en una vivienda de Quilmes Oeste, donde arrojaron nafta y prendieron fuego uno de los accesos a la misma.<br>El hecho tuvo lugar en la madrugada del mi\u00e9rcoles, en las inmediaciones de Larrea y Los \u00c1lamos, cuando tras una explosi\u00f3n los habitantes de la casa comenz\u00f3 a ver humo debajo de una de las puertas de acceso. Y es que, por causas que se intentan esclarecer, una o varias personas tiraron combustible e intentaron incendiar el lugar.<br>\u201cGracias a Dios est\u00e1bamos despiertos, sino hoy no la cont\u00e1bamos\u201d, relat\u00f3 la pareja de Quilmes Oeste que radic\u00f3 la denuncia en la Comisar\u00eda 3ra.<br>\u201cVivimos ac\u00e1 toda la vida, mis padres tambi\u00e9n\u2026 nunca sufrimos un robo ni tenemos enemigos\u201d, aseguraron por lo que consideran que no se trat\u00f3 de un robo ni un hecho vand\u00e1lico al azar, aunque a la hora de brindar detalles a la Polic\u00eda no descartaron un posible ajuste de cuentas por un litigio laboral ya que hace menos de un mes les rompieron los vidrios del auto.<\/p>\n","protected":false},"excerpt":{"rendered":"<p>Un hecho de vandalismo se registr\u00f3 en una vivienda de Quilmes Oeste, donde arrojaron nafta&#8230;<\/p>\n","protected":false},"author":1,"featured_media":59656,"comment_status":"open","ping_status":"open","sticky":false,"template":"","format":"standard","meta":{"footnotes":""},"categories":[10],"tags":[],"class_list":["post-4872","post","type-post","status-publish","format-standard","has-post-thumbnail","hentry","category-seguridad"],"_links":{"self":[{"href":"https:\/\/conurbanodiario.com.ar\/index.php?rest_route=\/wp\/v2\/posts\/4872","targetHints":{"allow":["GET"]}}],"collection":[{"href":"https:\/\/conurbanodiario.com.ar\/index.php?rest_route=\/wp\/v2\/posts"}],"about":[{"href":"https:\/\/conurbanodiario.com.ar\/index.php?rest_route=\/wp\/v2\/types\/post"}],"author":[{"embeddable":true,"href":"https:\/\/conurbanodiario.com.ar\/index.php?rest_route=\/wp\/v2\/users\/1"}],"replies":[{"embeddable":true,"href":"https:\/\/conurbanodiario.com.ar\/index.php?rest_route=%2Fwp%2Fv2%2Fcomments&post=4872"}],"version-history":[{"count":1,"href":"https:\/\/conurbanodiario.com.ar\/index.php?rest_route=\/wp\/v2\/posts\/4872\/revisions"}],"predecessor-version":[{"id":4874,"href":"https:\/\/conurbanodiario.com.ar\/index.php?rest_route=\/wp\/v2\/posts\/4872\/revisions\/4874"}],"wp:featuredmedia":[{"embeddable":true,"href":"https:\/\/conurbanodiario.com.ar\/index.php?rest_route=\/wp\/v2\/media\/59656"}],"wp:attachment":[{"href":"https:\/\/conurbanodiario.com.ar\/index.php?rest_route=%2Fwp%2Fv2%2Fmedia&parent=4872"}],"wp:term":[{"taxonomy":"category","embeddable":true,"href":"https:\/\/conurbanodiario.com.ar\/index.php?rest_route=%2Fwp%2Fv2%2Fcategories&post=4872"},{"taxonomy":"post_tag","embeddable":true,"href":"https:\/\/conurbanodiario.com.ar\/index.php?rest_route=%2Fwp%2Fv2%2Ftags&post=4872"}],"curies":[{"name":"wp","href":"https:\/\/api.w.org\/{rel}","templated":true}]}}