{"id":4869,"date":"2020-06-17T03:09:00","date_gmt":"2020-06-17T06:09:00","guid":{"rendered":"http:\/\/conurbanodiario.com.ar\/?p=4869"},"modified":"2020-06-16T23:49:31","modified_gmt":"2020-06-17T02:49:31","slug":"amplian-cobertura-de-sistema-de-monitoreo","status":"publish","type":"post","link":"https:\/\/conurbanodiario.com.ar\/?p=4869","title":{"rendered":"AMPL\u00cdAN COBERTURA DE SISTEMA DE MONITOREO"},"content":{"rendered":"\n<p>Seg\u00fan inform\u00f3 el Centro de Protecci\u00f3n Ciudadana, se reforz\u00f3 el sistema de monitoreo municipal con la instalaci\u00f3n de&nbsp;diez nuevas c\u00e1maras en distintos puntos del distrito.&nbsp;&nbsp;<\/p>\n\n\n\n<p>En barrio Centro, se instal\u00f3 una en Espa\u00f1a y Alem,&nbsp;mientras que&nbsp;en Villa Vatteone fueron dos los dispositivos colocados, en&nbsp;Fonrouge&nbsp;y Quintana y en&nbsp;Fonrouge&nbsp;y Lavalle.&nbsp;&nbsp;<\/p>\n\n\n\n<p>En Santa Rosa, se dispusieron dos nuevos domos; uno en Mil\u00e1n y Dinamarca y el otro en Bucarest entre&nbsp;Caferatta&nbsp;y Alemania. En tanto, en La Sirena se instal\u00f3&nbsp;uno&nbsp;en Moran y calle 14, mientras que en Villa Susana fueron dos: una en Santa Fe y Brown y el otro&nbsp;en Cabello y Santa Fe.&nbsp;&nbsp;<\/p>\n\n\n\n<p>Por \u00faltimo, en las inmediaciones de la UPA, donde se encuentra emplazado el Hospital Modular, se procedi\u00f3 a la colocaci\u00f3n de dos nuevos dispositivos que se suman al ya informado anteriormente de&nbsp;Charruas&nbsp;y Blandengue. Los \u00faltimos est\u00e1n ubicados en la puerta del nosocomio en av. Novak y La Posta&nbsp;y el otro en el estacionamiento.&nbsp;&nbsp;<\/p>\n","protected":false},"excerpt":{"rendered":"<p>Seg\u00fan inform\u00f3 el Centro de Protecci\u00f3n Ciudadana, se reforz\u00f3 el sistema de monitoreo municipal con&#8230;<\/p>\n","protected":false},"author":1,"featured_media":59656,"comment_status":"open","ping_status":"open","sticky":false,"template":"","format":"standard","meta":{"footnotes":""},"categories":[10],"tags":[],"class_list":["post-4869","post","type-post","status-publish","format-standard","has-post-thumbnail","hentry","category-seguridad"],"_links":{"self":[{"href":"https:\/\/conurbanodiario.com.ar\/index.php?rest_route=\/wp\/v2\/posts\/4869","targetHints":{"allow":["GET"]}}],"collection":[{"href":"https:\/\/conurbanodiario.com.ar\/index.php?rest_route=\/wp\/v2\/posts"}],"about":[{"href":"https:\/\/conurbanodiario.com.ar\/index.php?rest_route=\/wp\/v2\/types\/post"}],"author":[{"embeddable":true,"href":"https:\/\/conurbanodiario.com.ar\/index.php?rest_route=\/wp\/v2\/users\/1"}],"replies":[{"embeddable":true,"href":"https:\/\/conurbanodiario.com.ar\/index.php?rest_route=%2Fwp%2Fv2%2Fcomments&post=4869"}],"version-history":[{"count":1,"href":"https:\/\/conurbanodiario.com.ar\/index.php?rest_route=\/wp\/v2\/posts\/4869\/revisions"}],"predecessor-version":[{"id":4871,"href":"https:\/\/conurbanodiario.com.ar\/index.php?rest_route=\/wp\/v2\/posts\/4869\/revisions\/4871"}],"wp:featuredmedia":[{"embeddable":true,"href":"https:\/\/conurbanodiario.com.ar\/index.php?rest_route=\/wp\/v2\/media\/59656"}],"wp:attachment":[{"href":"https:\/\/conurbanodiario.com.ar\/index.php?rest_route=%2Fwp%2Fv2%2Fmedia&parent=4869"}],"wp:term":[{"taxonomy":"category","embeddable":true,"href":"https:\/\/conurbanodiario.com.ar\/index.php?rest_route=%2Fwp%2Fv2%2Fcategories&post=4869"},{"taxonomy":"post_tag","embeddable":true,"href":"https:\/\/conurbanodiario.com.ar\/index.php?rest_route=%2Fwp%2Fv2%2Ftags&post=4869"}],"curies":[{"name":"wp","href":"https:\/\/api.w.org\/{rel}","templated":true}]}}