{"id":4866,"date":"2020-06-17T03:00:00","date_gmt":"2020-06-17T06:00:00","guid":{"rendered":"http:\/\/conurbanodiario.com.ar\/?p=4866"},"modified":"2021-02-02T05:07:17","modified_gmt":"2021-02-02T08:07:17","slug":"quilmes-limpio-10-nuevos-camiones-para-el-sistema-de-recoleccion-de-residuos-municipal","status":"publish","type":"post","link":"https:\/\/conurbanodiario.com.ar\/?p=4866","title":{"rendered":"QUILMES LIMPIO: 10 NUEVOS CAMIONES PARA EL SISTEMA DE RECOLECCI\u00d3N DE RESIDUOS MUNICIPAL"},"content":{"rendered":"\n<p>La intendenta de Quilmes, Mayra Mendoza, present\u00f3 los nuevos 10 nuevos camiones que formar\u00e1n parte de la flota municipal para el sistema de recolecci\u00f3n de residuos. La adquisici\u00f3n de estos veh\u00edculos forma parte de una serie de acciones que se tomaron dada la cr\u00edtica situaci\u00f3n en la que el actual Gobierno Municipal recibi\u00f3 el sistema de recolecci\u00f3n de residuos el 10 de diciembre de 2019. En aquel momento, de los 34 camiones existentes, solo funcionaban 15.<\/p>\n\n\n\n<p>\u201cDesde el primer d\u00eda de nuestro gobierno trabajamos para aumentar la flota de camiones. Hoy estamos m\u00e1s cerca de poder contar con un sistema de recolecci\u00f3n completo y eficiente. Sabemos que falta, pero este es un primer gran paso para lograr nuestro objetivo: hacer de Quilmes una ciudad limpia y sustentable\u201d, afirm\u00f3 Mayra Mendoza durante la presentaci\u00f3n de los nuevos veh\u00edculos.<\/p>\n\n\n\n<p>La primera acci\u00f3n fue la declaraci\u00f3n de la Emergencia Ambiental en todo el distrito. En ese mismo instante, se comenz\u00f3 a trabajar para contar con los camiones necesarios. Por un lado, se recuperaron 5 camiones. Por otro lado, se inici\u00f3 el proceso de alquiler y compra de los 10 camiones que hoy recibe el Municipio. Los camiones de alquiler se recibieron los primeros d\u00edas de marzo y estar\u00e1n activos hasta fin del mes de junio. Estos veh\u00edculos fueron adquiridos con el fin de contar con una m\u00ednima flota, mientras se preparaban los nuevos camiones recibidos en el d\u00eda de ayer.<\/p>\n\n\n\n<p>\u201cEstos 10 nuevos camiones van a mejorar la recolecci\u00f3n de residuos en todo el distrito. Nosotros cuando asumimos la gesti\u00f3n, hay que recordarlo, en el \u00e1rea de Servicios P\u00fablicos, en GIRSU particularmente, hab\u00eda supuestamente 34 camiones de los cuales funcionaban 15\u201d, se\u00f1al\u00f3 la Jefa comunal.<\/p>\n\n\n\n<p>Y agreg\u00f3: \u201ctener una recolecci\u00f3n de residuos como el distrito de Quilmes necesita, no era posible con la cantidad de camiones que ten\u00edamos al asumir. Por eso, en el marco del programa de trabajo municipal Quilmes Limpio, nos propusimos incorporar mayores herramientas, como lo son estos camiones, y as\u00ed poder realizar la gesti\u00f3n de residuos de manera eficiente\u201d.<\/p>\n\n\n\n<p>La adquisici\u00f3n de los 10 nuevos camiones se inscribe en el programa Quilmes Limpio, bajo el cual el Gobierno Municipal planea una serie de acciones para mejorar la situaci\u00f3n ambiental del municipio. Entre ellas, la construcci\u00f3n del Complejo Socioambiental Ecoparque Quilmes y la duplicaci\u00f3n de los Ecopuntos existentes al 10 de diciembre de 2019.<\/p>\n\n\n\n<p>Estuvieron presentes en la actividad el jefe de Gabinete local, Alejandro Gandulfo; el secretario de Servicios P\u00fablicos, \u00c1ngel Garc\u00eda y el subsecretario de Recolecci\u00f3n de Residuos S\u00f3lidos Urbanos, Adri\u00e1n P\u00e9rez.<\/p>\n\n\n\n<p><\/p>\n","protected":false},"excerpt":{"rendered":"<p>La intendenta de Quilmes, Mayra Mendoza, present\u00f3 los nuevos 10 nuevos camiones que formar\u00e1n parte&#8230;<\/p>\n","protected":false},"author":1,"featured_media":59656,"comment_status":"open","ping_status":"open","sticky":false,"template":"","format":"standard","meta":{"footnotes":""},"categories":[3],"tags":[],"class_list":["post-4866","post","type-post","status-publish","format-standard","has-post-thumbnail","hentry","category-informacion-general"],"_links":{"self":[{"href":"https:\/\/conurbanodiario.com.ar\/index.php?rest_route=\/wp\/v2\/posts\/4866","targetHints":{"allow":["GET"]}}],"collection":[{"href":"https:\/\/conurbanodiario.com.ar\/index.php?rest_route=\/wp\/v2\/posts"}],"about":[{"href":"https:\/\/conurbanodiario.com.ar\/index.php?rest_route=\/wp\/v2\/types\/post"}],"author":[{"embeddable":true,"href":"https:\/\/conurbanodiario.com.ar\/index.php?rest_route=\/wp\/v2\/users\/1"}],"replies":[{"embeddable":true,"href":"https:\/\/conurbanodiario.com.ar\/index.php?rest_route=%2Fwp%2Fv2%2Fcomments&post=4866"}],"version-history":[{"count":1,"href":"https:\/\/conurbanodiario.com.ar\/index.php?rest_route=\/wp\/v2\/posts\/4866\/revisions"}],"predecessor-version":[{"id":4868,"href":"https:\/\/conurbanodiario.com.ar\/index.php?rest_route=\/wp\/v2\/posts\/4866\/revisions\/4868"}],"wp:featuredmedia":[{"embeddable":true,"href":"https:\/\/conurbanodiario.com.ar\/index.php?rest_route=\/wp\/v2\/media\/59656"}],"wp:attachment":[{"href":"https:\/\/conurbanodiario.com.ar\/index.php?rest_route=%2Fwp%2Fv2%2Fmedia&parent=4866"}],"wp:term":[{"taxonomy":"category","embeddable":true,"href":"https:\/\/conurbanodiario.com.ar\/index.php?rest_route=%2Fwp%2Fv2%2Fcategories&post=4866"},{"taxonomy":"post_tag","embeddable":true,"href":"https:\/\/conurbanodiario.com.ar\/index.php?rest_route=%2Fwp%2Fv2%2Ftags&post=4866"}],"curies":[{"name":"wp","href":"https:\/\/api.w.org\/{rel}","templated":true}]}}