{"id":4853,"date":"2020-06-17T03:06:00","date_gmt":"2020-06-17T06:06:00","guid":{"rendered":"http:\/\/conurbanodiario.com.ar\/?p=4853"},"modified":"2020-06-16T21:35:24","modified_gmt":"2020-06-17T00:35:24","slug":"corte-de-luz-programado-por-tareas-de-la-empresa-edesur-en-berazategui","status":"publish","type":"post","link":"https:\/\/conurbanodiario.com.ar\/?p=4853","title":{"rendered":"CORTE DE LUZ PROGRAMADO POR TAREAS DE LA EMPRESA EDESUR EN BERAZATEGUI"},"content":{"rendered":"\n<p>Debido a trabajos de mantenimiento a cargo de la empresa privada EDESUR, la Municipalidad de Berazategui informa que este mi\u00e9rcoles 17 de junio habr\u00e1 un corte programado del servicio de energ\u00eda el\u00e9ctrica en algunos tramos de la ciudad. El mismo se extender\u00e1 en el horario de 8.00 a 18.00 y afectar\u00e1 al per\u00edmetro conformado por las siguientes calles:<br><br>Av. 14, entre calles 132 y 138.<br>Calle 13, entre 133 y 136.<br>Calle 15, entre 133 y 136.<br>Calle 133, entre 13 y Av. 14.<br>Calle 134, entre 12 y 15.<br>Calle 135, entre Av. 14 y 16.<br>Calle 136, entre 13 y 15.<\/p>\n","protected":false},"excerpt":{"rendered":"<p>Debido a trabajos de mantenimiento a cargo de la empresa privada EDESUR, la Municipalidad de&#8230;<\/p>\n","protected":false},"author":1,"featured_media":59656,"comment_status":"open","ping_status":"open","sticky":false,"template":"","format":"standard","meta":{"footnotes":""},"categories":[3],"tags":[],"class_list":["post-4853","post","type-post","status-publish","format-standard","has-post-thumbnail","hentry","category-informacion-general"],"_links":{"self":[{"href":"https:\/\/conurbanodiario.com.ar\/index.php?rest_route=\/wp\/v2\/posts\/4853","targetHints":{"allow":["GET"]}}],"collection":[{"href":"https:\/\/conurbanodiario.com.ar\/index.php?rest_route=\/wp\/v2\/posts"}],"about":[{"href":"https:\/\/conurbanodiario.com.ar\/index.php?rest_route=\/wp\/v2\/types\/post"}],"author":[{"embeddable":true,"href":"https:\/\/conurbanodiario.com.ar\/index.php?rest_route=\/wp\/v2\/users\/1"}],"replies":[{"embeddable":true,"href":"https:\/\/conurbanodiario.com.ar\/index.php?rest_route=%2Fwp%2Fv2%2Fcomments&post=4853"}],"version-history":[{"count":1,"href":"https:\/\/conurbanodiario.com.ar\/index.php?rest_route=\/wp\/v2\/posts\/4853\/revisions"}],"predecessor-version":[{"id":4855,"href":"https:\/\/conurbanodiario.com.ar\/index.php?rest_route=\/wp\/v2\/posts\/4853\/revisions\/4855"}],"wp:featuredmedia":[{"embeddable":true,"href":"https:\/\/conurbanodiario.com.ar\/index.php?rest_route=\/wp\/v2\/media\/59656"}],"wp:attachment":[{"href":"https:\/\/conurbanodiario.com.ar\/index.php?rest_route=%2Fwp%2Fv2%2Fmedia&parent=4853"}],"wp:term":[{"taxonomy":"category","embeddable":true,"href":"https:\/\/conurbanodiario.com.ar\/index.php?rest_route=%2Fwp%2Fv2%2Fcategories&post=4853"},{"taxonomy":"post_tag","embeddable":true,"href":"https:\/\/conurbanodiario.com.ar\/index.php?rest_route=%2Fwp%2Fv2%2Ftags&post=4853"}],"curies":[{"name":"wp","href":"https:\/\/api.w.org\/{rel}","templated":true}]}}