{"id":4845,"date":"2020-06-17T03:07:00","date_gmt":"2020-06-17T06:07:00","guid":{"rendered":"http:\/\/conurbanodiario.com.ar\/?p=4845"},"modified":"2020-06-16T16:02:30","modified_gmt":"2020-06-16T19:02:30","slug":"llego-a-berazategui-el-programa-nacional-el-barrio-cuida-al-barrio","status":"publish","type":"post","link":"https:\/\/conurbanodiario.com.ar\/?p=4845","title":{"rendered":"LLEG\u00d3 A BERAZATEGUI EL PROGRAMA NACIONAL \u00abEL BARRIO CUIDA AL BARRIO\u00bb"},"content":{"rendered":"\n<p><strong>Con la participaci\u00f3n de autoridades nacionales, se present\u00f3 oficialmente en Berazategui el Programa Nacional \u201cEl Barrio Cuida al Barrio\u201d. Mediante \u00e9ste, promotores se encargar\u00e1n de realizar diversas tareas en los barrios m\u00e1s humildes del distrito. Las mismas consistir\u00e1n, fundamentalmente, en el acompa\u00f1amiento a los principales grupos de riesgo frente al Coronavirus (COVID-19), como as\u00ed tambi\u00e9n en la difusi\u00f3n de medidas preventivas y en la distribuci\u00f3n de elementos de seguridad e higiene para evitar la propagaci\u00f3n de esta pandemia.<br><\/strong><br>El lanzamiento formal se desarroll\u00f3 en el play\u00f3n del Edificio Municipal y estuvo encabezado por el secretario de Relaciones Parlamentarias e Institucionales de la Jefatura de Gabinete de la Naci\u00f3n, Fernando \u201cChino\u201d Navarro; y por el intendente de Berazategui, Dr. Juan Jos\u00e9 Mussi. Adem\u00e1s, participaron el titular de la Unidad Ejecutora de esta iniciativa del Gobierno Nacional, Alejandro Gramajo; la secretaria de Desarrollo Social y Comunitario local, Mar\u00eda Laura Lacava; y el subsecretario de Trabajo Comunitario municipal, Mat\u00edas Aguirre.<\/p>\n\n\n\n<p>\u201c\u2018El Barrio Cuida al Barrio\u2019 es un programa que tiene por finalidad ir a los barrios m\u00e1s castigados por la crisis socio-econ\u00f3mica, con propios vecinos del lugar, y realizar diferentes tareas sociales y de prevenci\u00f3n, explicando pero tambi\u00e9n escuchando las problem\u00e1ticas de la comunidad\u201d, explic\u00f3 Navarro, quien adem\u00e1s indic\u00f3 que esta actividad se realizar\u00e1 conjuntamente con el Plan Detectar. \u201cSi a trav\u00e9s de este trabajo nos encontramos con vecinos con s\u00edntomas, se har\u00e1 el hisopado correspondiente para determinar si fueron alcanzados por el virus COVID-19\u201d, detall\u00f3.<\/p>\n\n\n\n<p>A continuaci\u00f3n, el Secretario nacional y dirigente social destac\u00f3 la gesti\u00f3n del Dr. Mussi en el marco de la actual emergencia sanitaria que atraviesa el pa\u00eds y la articulaci\u00f3n de esta iniciativa en conjunto con el Municipio. \u201cVenir a Berazategui es un remanso, porque en un momento tan dram\u00e1tico como el que estamos viviendo, con angustias y temores, hablar con un Intendente hist\u00f3rico y sabio como Juan Jos\u00e9 nos tranquiliza y nos recarga de energ\u00eda. Por su experiencia, porque ya ha afrontado situaciones graves y porque no pierde contacto con la realidad, Mussi es un puntal para nosotros. Y uno de aqu\u00ed se va con la confianza de que con organizaci\u00f3n popular, humildad, responsabilidad y poniendo todo el esfuerzo en trabajar, podremos resolver muchos de los problemas y desaf\u00edos que nos presenta esta pandemia\u201d, expres\u00f3.<\/p>\n\n\n\n<p>Por su parte, el Jefe comunal remarc\u00f3 la importancia de la implementaci\u00f3n de pol\u00edticas como \u201cEl Barrio Cuida al Barrio\u201d en la actual coyuntura. \u201cEste es un Programa que viene desde el Gobierno Nacional y un aporte m\u00e1s para prevenir y combatir al Coronavirus, porque a esta pandemia hay que combatirla con distintas acciones. Y esta que hemos lanzado hoy en Berazategui es muy importante, con promotores que estar\u00e1n presentes en los distintos barrios, con elementos que ser\u00e1n aportados semanalmente y favoreciendo, tambi\u00e9n, la comunicaci\u00f3n del Estado con la gente\u201d, resalt\u00f3 Mussi.<\/p>\n","protected":false},"excerpt":{"rendered":"<p>Con la participaci\u00f3n de autoridades nacionales, se present\u00f3 oficialmente en Berazategui el Programa Nacional \u201cEl&#8230;<\/p>\n","protected":false},"author":1,"featured_media":59656,"comment_status":"open","ping_status":"open","sticky":false,"template":"","format":"standard","meta":{"footnotes":""},"categories":[3],"tags":[],"class_list":["post-4845","post","type-post","status-publish","format-standard","has-post-thumbnail","hentry","category-informacion-general"],"_links":{"self":[{"href":"https:\/\/conurbanodiario.com.ar\/index.php?rest_route=\/wp\/v2\/posts\/4845","targetHints":{"allow":["GET"]}}],"collection":[{"href":"https:\/\/conurbanodiario.com.ar\/index.php?rest_route=\/wp\/v2\/posts"}],"about":[{"href":"https:\/\/conurbanodiario.com.ar\/index.php?rest_route=\/wp\/v2\/types\/post"}],"author":[{"embeddable":true,"href":"https:\/\/conurbanodiario.com.ar\/index.php?rest_route=\/wp\/v2\/users\/1"}],"replies":[{"embeddable":true,"href":"https:\/\/conurbanodiario.com.ar\/index.php?rest_route=%2Fwp%2Fv2%2Fcomments&post=4845"}],"version-history":[{"count":1,"href":"https:\/\/conurbanodiario.com.ar\/index.php?rest_route=\/wp\/v2\/posts\/4845\/revisions"}],"predecessor-version":[{"id":4847,"href":"https:\/\/conurbanodiario.com.ar\/index.php?rest_route=\/wp\/v2\/posts\/4845\/revisions\/4847"}],"wp:featuredmedia":[{"embeddable":true,"href":"https:\/\/conurbanodiario.com.ar\/index.php?rest_route=\/wp\/v2\/media\/59656"}],"wp:attachment":[{"href":"https:\/\/conurbanodiario.com.ar\/index.php?rest_route=%2Fwp%2Fv2%2Fmedia&parent=4845"}],"wp:term":[{"taxonomy":"category","embeddable":true,"href":"https:\/\/conurbanodiario.com.ar\/index.php?rest_route=%2Fwp%2Fv2%2Fcategories&post=4845"},{"taxonomy":"post_tag","embeddable":true,"href":"https:\/\/conurbanodiario.com.ar\/index.php?rest_route=%2Fwp%2Fv2%2Ftags&post=4845"}],"curies":[{"name":"wp","href":"https:\/\/api.w.org\/{rel}","templated":true}]}}