{"id":4842,"date":"2020-06-17T03:08:00","date_gmt":"2020-06-17T06:08:00","guid":{"rendered":"http:\/\/conurbanodiario.com.ar\/?p=4842"},"modified":"2020-06-16T15:47:11","modified_gmt":"2020-06-16T18:47:11","slug":"entregaron-insumos-a-productores-varelenses","status":"publish","type":"post","link":"https:\/\/conurbanodiario.com.ar\/?p=4842","title":{"rendered":"ENTREGARON INSUMOS A PRODUCTORES VARELENSES"},"content":{"rendered":"\n<p>Con la misi\u00f3n de consolidar el respaldo al sector productivo distrital, mediante la articulaci\u00f3n permanente entre los tres estamentos gubernamentales, adjudicaron bioinsumos agroecol\u00f3gicos y semillas a titulares en proyectos fruti-hort\u00edcolas radicados en la zona agraria del partido.&nbsp;<\/p>\n\n\n\n<p>El secretario de Industria y Desarrollo Productivo, Ricardo de la Fuente, remarc\u00f3 el acompa\u00f1amiento recibido tanto desde la gobernaci\u00f3n provincial como del Estado Nacional para fortalecer las pol\u00edticas implementadas por el intendente municipal Andr\u00e9s Watson, a pesar de las dificultades ocasionadas debido a la pandemia por coronavirus.&nbsp;<\/p>\n\n\n\n<p>\u201cDistribuir herramientas para sostener el trabajo de los productores funcion\u00f3 como un m\u00e9todo para transitar del mejor modo posible un escenario complejo y construir una base s\u00f3lida para estar listos cuando todo mejore\u201d, reflexion\u00f3.&nbsp;<\/p>\n\n\n\n<p>La situaci\u00f3n epidemiol\u00f3gica elev\u00f3 la importancia del rol trascendental que desempa\u00f1aba hist\u00f3ricamente el cord\u00f3n rural varelense: principal abastecedor de frutas y verduras no solo en el mercado local sino en gran parte del territorio bonaerense.<\/p>\n\n\n\n<p>\u201cDefinimos una estrategia para contrarrestar la gran ca\u00edda en la demanda. Entendimos que result\u00f3 un paliativo, pero la propuesta consisti\u00f3 en motorizar un intercambio que posibilit\u00f3 trazar un plan de acci\u00f3n seg\u00fan la realidad en cada regi\u00f3n\u201d, detall\u00f3 Javier Rodr\u00edguez, ministro de Desarrollo Agrario de la Provincia de Buenos Aires.&nbsp;<\/p>\n\n\n\n<p>Por su parte, el secretario de Agricultura Familiar de la Naci\u00f3n, Miguel G\u00f3mez, afirm\u00f3: \u201casumimos el deber de reconstruir la pol\u00edtica con premisas como generar instancias de participaci\u00f3n, cuidar a nuestros peque\u00f1os productores y crear las condiciones para proveer alimentos sanos a nuestro pueblo\u201d.&nbsp;<\/p>\n\n\n\n<p>Los representantes del rubro -floricultores que con la ayuda estatal se abocar\u00e1n a la producci\u00f3n fruti-hort\u00edcola valoraron los recursos otorgados para continuar con su labor.&nbsp;<\/p>\n\n\n\n<p>Adem\u00e1s, destacaron el inter\u00e9s por conocer los inconvenientes en la econom\u00eda regional y la adaptaci\u00f3n de su labor diaria a las recomendaciones sanitarias para impedir contagios por Covid-19.&nbsp;<\/p>\n","protected":false},"excerpt":{"rendered":"<p>Con la misi\u00f3n de consolidar el respaldo al sector productivo distrital, mediante la articulaci\u00f3n permanente&#8230;<\/p>\n","protected":false},"author":1,"featured_media":59656,"comment_status":"open","ping_status":"open","sticky":false,"template":"","format":"standard","meta":{"footnotes":""},"categories":[3],"tags":[],"class_list":["post-4842","post","type-post","status-publish","format-standard","has-post-thumbnail","hentry","category-informacion-general"],"_links":{"self":[{"href":"https:\/\/conurbanodiario.com.ar\/index.php?rest_route=\/wp\/v2\/posts\/4842","targetHints":{"allow":["GET"]}}],"collection":[{"href":"https:\/\/conurbanodiario.com.ar\/index.php?rest_route=\/wp\/v2\/posts"}],"about":[{"href":"https:\/\/conurbanodiario.com.ar\/index.php?rest_route=\/wp\/v2\/types\/post"}],"author":[{"embeddable":true,"href":"https:\/\/conurbanodiario.com.ar\/index.php?rest_route=\/wp\/v2\/users\/1"}],"replies":[{"embeddable":true,"href":"https:\/\/conurbanodiario.com.ar\/index.php?rest_route=%2Fwp%2Fv2%2Fcomments&post=4842"}],"version-history":[{"count":1,"href":"https:\/\/conurbanodiario.com.ar\/index.php?rest_route=\/wp\/v2\/posts\/4842\/revisions"}],"predecessor-version":[{"id":4844,"href":"https:\/\/conurbanodiario.com.ar\/index.php?rest_route=\/wp\/v2\/posts\/4842\/revisions\/4844"}],"wp:featuredmedia":[{"embeddable":true,"href":"https:\/\/conurbanodiario.com.ar\/index.php?rest_route=\/wp\/v2\/media\/59656"}],"wp:attachment":[{"href":"https:\/\/conurbanodiario.com.ar\/index.php?rest_route=%2Fwp%2Fv2%2Fmedia&parent=4842"}],"wp:term":[{"taxonomy":"category","embeddable":true,"href":"https:\/\/conurbanodiario.com.ar\/index.php?rest_route=%2Fwp%2Fv2%2Fcategories&post=4842"},{"taxonomy":"post_tag","embeddable":true,"href":"https:\/\/conurbanodiario.com.ar\/index.php?rest_route=%2Fwp%2Fv2%2Ftags&post=4842"}],"curies":[{"name":"wp","href":"https:\/\/api.w.org\/{rel}","templated":true}]}}