{"id":4833,"date":"2020-06-17T03:00:00","date_gmt":"2020-06-17T06:00:00","guid":{"rendered":"http:\/\/conurbanodiario.com.ar\/?p=4833"},"modified":"2020-08-19T02:30:21","modified_gmt":"2020-08-19T05:30:21","slug":"las-mudanzas-y-los-desalojos-son-los-problemas-mas-denunciados-en-la-defensoria","status":"publish","type":"post","link":"https:\/\/conurbanodiario.com.ar\/?p=4833","title":{"rendered":"LAS MUDANZAS Y LOS DESALOJOS SON LOS PROBLEMAS M\u00c1S DENUNCIADOS EN LA DEFENSOR\u00cdA"},"content":{"rendered":"\n<p>La relaci\u00f3n de vulnerabilidad de los inquilinos respecto a las inmobiliarias o los due\u00f1os de los inmuebles se vio potenciada durante la cuarentena dispuesta ante la pandemia de coronavirus, seg\u00fan un informe difundido por la Defensor\u00eda del Pueblo bonaerense.<\/p>\n\n\n\n<p>De acuerdo al trabajo, elaborado en base a denuncias de los inquilinos bonaerenses, entre las principales quejas aparecieron desde la imposibilidad de realizar mudanzas hasta intentos de desalojos, una situaci\u00f3n de conflicto generada por el incumplimiento del decreto del gobierno nacional que orden\u00f3 frenarlos, as\u00ed como prorrogar los contratos y congelar los precios de los alquileres.<\/p>\n\n\n\n<p>En cuanto a las mudanzas, varios inquilinos denunciaron inconvenientes a la hora de trasladar sus pertenencias a un nuevo hogar, pero estos problemas quedaron solucionados en parte con la disposici\u00f3n del gobierno que habilit\u00f3 este servicio.<\/p>\n\n\n\n<p>\u00abResta la normativa local de cada municipio para autorizar el servicio de mudanza en cada territorio, as\u00ed como as\u00ed la mudanza interjurisdiccional y aquellos casos de contratos firmados justo antes del inicio del aislamiento obligatorio que no llegaron a realizar \u00edntegramente la mudanza\u00bb, remarc\u00f3 la Defensor\u00eda en un comunicado.<\/p>\n\n\n\n<p>Por otro lado, se detall\u00f3 que muchos due\u00f1os \u00abpretendieron desalojar a los inquilinos por falta de pago recurriendo a la violencia o medios extorsivos\u00bb y se plante\u00f3 que en estas situaciones \u00abquedaron en evidencia la falta de un mayor control policial, con mayor preparaci\u00f3n en la materia y que act\u00fae r\u00e1pidamente ante el conflicto\u00bb.<\/p>\n\n\n\n<p>Tambi\u00e9n se denunciaron casos en que muchos locadores e inmobiliarias no respetaron la pr\u00f3rroga autom\u00e1tica de los contratos de alquiler contemplada en el contrato, pretendiendo hacer firmar al inquilino un nuevo contrato con un monto de alquiler mensual mayor.<\/p>\n\n\n\n<p>Lo mismo sucedi\u00f3 con episodios en los que se pretendi\u00f3 cobrar el alquiler con el monto actualizado haciendo o\u00eddos sordos al congelamiento de alquileres decretado en la norma.<\/p>\n\n\n\n<p>\u201cLa reciente sanci\u00f3n de la Ley de Alquileres nos muestra la importancia de actualizar las normas a favor de los inquilinos, pero tambi\u00e9n nos pone ante la exigencia de que las autoridades deben tener un control firme a la hora de que se respeten estas obligaciones\u201d, sostuvo el Defensor del Pueblo bonaerense, Guido Lorenzino.<\/p>\n\n\n\n<p>En esa l\u00ednea, recomend\u00f3 \u201cprestar atenci\u00f3n a las demandas y las situaciones l\u00edmite que atraviesan los inquilinos\u00bb y dijo que \u00abesto nos llevar\u00e1 a elaborar pol\u00edticas que los beneficien, sobre todo en este contexto de pandemia\u00bb.<\/p>\n\n\n\n<p>\u00abCon esto no alcanza, hay que actuar en la realidad para que se cumplan, para que quienes no pueden acceder a una casa propia no sigan siendo cada vez m\u00e1s vulnerados\u201d, finaliz\u00f3 el funcionario bonaerense.<\/p>\n","protected":false},"excerpt":{"rendered":"<p>La relaci\u00f3n de vulnerabilidad de los inquilinos respecto a las inmobiliarias o los due\u00f1os de&#8230;<\/p>\n","protected":false},"author":1,"featured_media":59656,"comment_status":"open","ping_status":"open","sticky":false,"template":"","format":"standard","meta":{"footnotes":""},"categories":[28],"tags":[],"class_list":["post-4833","post","type-post","status-publish","format-standard","has-post-thumbnail","hentry","category-la-provincia"],"_links":{"self":[{"href":"https:\/\/conurbanodiario.com.ar\/index.php?rest_route=\/wp\/v2\/posts\/4833","targetHints":{"allow":["GET"]}}],"collection":[{"href":"https:\/\/conurbanodiario.com.ar\/index.php?rest_route=\/wp\/v2\/posts"}],"about":[{"href":"https:\/\/conurbanodiario.com.ar\/index.php?rest_route=\/wp\/v2\/types\/post"}],"author":[{"embeddable":true,"href":"https:\/\/conurbanodiario.com.ar\/index.php?rest_route=\/wp\/v2\/users\/1"}],"replies":[{"embeddable":true,"href":"https:\/\/conurbanodiario.com.ar\/index.php?rest_route=%2Fwp%2Fv2%2Fcomments&post=4833"}],"version-history":[{"count":1,"href":"https:\/\/conurbanodiario.com.ar\/index.php?rest_route=\/wp\/v2\/posts\/4833\/revisions"}],"predecessor-version":[{"id":4835,"href":"https:\/\/conurbanodiario.com.ar\/index.php?rest_route=\/wp\/v2\/posts\/4833\/revisions\/4835"}],"wp:featuredmedia":[{"embeddable":true,"href":"https:\/\/conurbanodiario.com.ar\/index.php?rest_route=\/wp\/v2\/media\/59656"}],"wp:attachment":[{"href":"https:\/\/conurbanodiario.com.ar\/index.php?rest_route=%2Fwp%2Fv2%2Fmedia&parent=4833"}],"wp:term":[{"taxonomy":"category","embeddable":true,"href":"https:\/\/conurbanodiario.com.ar\/index.php?rest_route=%2Fwp%2Fv2%2Fcategories&post=4833"},{"taxonomy":"post_tag","embeddable":true,"href":"https:\/\/conurbanodiario.com.ar\/index.php?rest_route=%2Fwp%2Fv2%2Ftags&post=4833"}],"curies":[{"name":"wp","href":"https:\/\/api.w.org\/{rel}","templated":true}]}}