{"id":4830,"date":"2020-06-16T12:55:34","date_gmt":"2020-06-16T15:55:34","guid":{"rendered":"http:\/\/conurbanodiario.com.ar\/?p=4830"},"modified":"2020-06-16T12:55:37","modified_gmt":"2020-06-16T15:55:37","slug":"se-realizo-el-conversatorio-virtual-patrimonio-museo-territorio-y-comunidad-horizontes-posibles-desde-la-descolonizacion-cultural","status":"publish","type":"post","link":"https:\/\/conurbanodiario.com.ar\/?p=4830","title":{"rendered":"SE REALIZ\u00d3 EL CONVERSATORIO VIRTUAL \u00abPATRIMONIO, MUSEO, TERRITORIO Y COMUNIDAD: HORIZONTES POSIBLES DESDE LA DESCOLONIZACI\u00d3N CULTURAL\u00bb"},"content":{"rendered":"\n<p>El Municipio de Quilmes informa que el lunes se realiz\u00f3 y con una gran convocatoria, el primer conversatorio virtual con especialistas internacionales del campo de los museos y las bibliotecas.<\/p>\n\n\n\n<p>El evento, denominado \u201cPatrimonio, museo, territorio y comunidad: horizontes posibles desde la descolonizaci\u00f3n cultural\u201d fue un trabajo en conjunto de la Secretar\u00eda de Educaci\u00f3n, Culturas y Deportes comunal y la Direcci\u00f3n de Patrimonio Provincial y la Direcci\u00f3n de Monumentos y sitios hist\u00f3ricos.<\/p>\n\n\n\n<p>La actividad tuvo el fin de impulsar la conversaci\u00f3n entre distintas profesionales de Argentina y Am\u00e9rica Latina y cont\u00f3 con m\u00e1s de cuatrocientas personas inscriptas de veinte pa\u00edses.<\/p>\n\n\n\n<p>Sobre este conversatorio, el secretario de Educaci\u00f3n, Culturas y Deportes local, Mario Lozano, plante\u00f3 su visi\u00f3n sobre la actualidad museol\u00f3gica: \u201cParticipamos de este seminario enmarcado en los an\u00e1lisis sobre las caracter\u00edsticas del patrimonio cultural y los museos, en un debate que tiene que ver con el territorio de Quilmes, pero tambi\u00e9n con lo que nosotros consideramos nuestra patria grande. Tuvimos oradoras de Brasil, Per\u00fa y Argentina con m\u00e1s de 400 inscriptos de todo Latinoam\u00e9rica, sumando tambi\u00e9n a Espa\u00f1a y Portugal\u201d, al tiempo que agreg\u00f3 que \u201cel encuentro se plante\u00f3 en una serie de ejes que intentan ver a la museolog\u00eda como una ciencia muy integrada y articulada en forma multidisciplinaria con actividades educativas, culturales y de la difusi\u00f3n del conocimiento que desarrollan una t\u00e9cnica muy completa e integrada a los diversos territorios\u201d.<\/p>\n\n\n\n<p>A su vez, la subsecretaria de Culturas de Quilmes, Gabriela Alonso, remarc\u00f3 que \u201ccuando asumimos, nuestra primera acci\u00f3n fue realizar un relevamiento territorial, conversando con vecinos y vecinas y teniendo como punto de encuentro los museos y los espacios culturales. Desde el comienzo de la pandemia decidimos poner a la Subsecretar\u00eda al servicio de la salud y del cuidado y estamos trabajando mucho para acompa\u00f1ar con pol\u00edticas afectivas y con un enfoque multidimensional, adhiriendo a la sensibilidad femenina de nuestra intendenta Mayra Mendoza que lidera con amor el abordaje de estas problem\u00e1ticas\u201d.<\/p>\n\n\n\n<p>Finalmente, la licenciada en Arqueolog\u00eda, Bernarda Delgado El\u00edas, de Per\u00fa, subray\u00f3 que \u201cestamos convencidos que los Museos deben ser de puertas abiertas, museos afectivos e inclusivos al servicio de la comunidad en las buenas y en las malas. Hoy por ejemplo, nos hemos reunido para conseguir medicinas para nuestra comunidad en este contexto conocido de la pandemia. La museolog\u00eda que no sirve para la vida no sirve para nada\u201d.<\/p>\n\n\n\n<p>Expusieron Marcelle Pereira (Brasil), doctora en Museolog\u00eda; Celina Hafford (Argentina) &#8211; m\u00e1ster en Museolog\u00eda; Bernarda Delgado El\u00edas (Per\u00fa), m\u00e1ster en Ciencias Sociales con menci\u00f3n en Gesti\u00f3n del Patrimonio Cultural; Gabriela Pesclevi (Argentina), licenciada en Trabajo Social; Olga Bartolom\u00e9 (Argentina), magister en Asesoramiento y Gesti\u00f3n Pedag\u00f3gica; Girlene Chagas Bulhoes (Brasil), muse\u00f3loga y maestra en Performances Culturales, y Julieta Rausch (Argentina), muse\u00f3loga, licenciada en Ciencias Sociales y Educadora.<\/p>\n","protected":false},"excerpt":{"rendered":"<p>El Municipio de Quilmes informa que el lunes se realiz\u00f3 y con una gran convocatoria,&#8230;<\/p>\n","protected":false},"author":1,"featured_media":59656,"comment_status":"open","ping_status":"open","sticky":false,"template":"","format":"standard","meta":{"footnotes":""},"categories":[8],"tags":[],"class_list":["post-4830","post","type-post","status-publish","format-standard","has-post-thumbnail","hentry","category-cultura"],"_links":{"self":[{"href":"https:\/\/conurbanodiario.com.ar\/index.php?rest_route=\/wp\/v2\/posts\/4830","targetHints":{"allow":["GET"]}}],"collection":[{"href":"https:\/\/conurbanodiario.com.ar\/index.php?rest_route=\/wp\/v2\/posts"}],"about":[{"href":"https:\/\/conurbanodiario.com.ar\/index.php?rest_route=\/wp\/v2\/types\/post"}],"author":[{"embeddable":true,"href":"https:\/\/conurbanodiario.com.ar\/index.php?rest_route=\/wp\/v2\/users\/1"}],"replies":[{"embeddable":true,"href":"https:\/\/conurbanodiario.com.ar\/index.php?rest_route=%2Fwp%2Fv2%2Fcomments&post=4830"}],"version-history":[{"count":1,"href":"https:\/\/conurbanodiario.com.ar\/index.php?rest_route=\/wp\/v2\/posts\/4830\/revisions"}],"predecessor-version":[{"id":4832,"href":"https:\/\/conurbanodiario.com.ar\/index.php?rest_route=\/wp\/v2\/posts\/4830\/revisions\/4832"}],"wp:featuredmedia":[{"embeddable":true,"href":"https:\/\/conurbanodiario.com.ar\/index.php?rest_route=\/wp\/v2\/media\/59656"}],"wp:attachment":[{"href":"https:\/\/conurbanodiario.com.ar\/index.php?rest_route=%2Fwp%2Fv2%2Fmedia&parent=4830"}],"wp:term":[{"taxonomy":"category","embeddable":true,"href":"https:\/\/conurbanodiario.com.ar\/index.php?rest_route=%2Fwp%2Fv2%2Fcategories&post=4830"},{"taxonomy":"post_tag","embeddable":true,"href":"https:\/\/conurbanodiario.com.ar\/index.php?rest_route=%2Fwp%2Fv2%2Ftags&post=4830"}],"curies":[{"name":"wp","href":"https:\/\/api.w.org\/{rel}","templated":true}]}}