{"id":4825,"date":"2020-06-16T11:35:40","date_gmt":"2020-06-16T14:35:40","guid":{"rendered":"http:\/\/conurbanodiario.com.ar\/?p=4825"},"modified":"2020-06-16T11:58:29","modified_gmt":"2020-06-16T14:58:29","slug":"entregan-tarjetas-alimentar-en-varela","status":"publish","type":"post","link":"https:\/\/conurbanodiario.com.ar\/?p=4825","title":{"rendered":"ENTREGAN TARJETAS ALIMENTAR EN VARELA"},"content":{"rendered":"\n<p>La Municipalidad de Florencio Varela, a trav\u00e9s de la secretar\u00eda de Desarrollo Social, informa que hoy, en el barrio Pico de Oro, comenz\u00f3 la distribuci\u00f3n del remanente de tarjetas <em>Alimentar<\/em> (tarjeta azul) que hab\u00eda quedado en poder del banco, al momento de decretarse el Aislamiento Social Preventivo Obligatorio.<\/p>\n\n\n\n<p>\u201cCabe destacar que, gracias a la firma de un convenio espec\u00edfico entre el municipio y el Banco Provincia, se han logrado ajustar los procesos administrativos que imped\u00edan que se entreguen estas tarjetas del mismo modo que ocurri\u00f3 con las del Programa M\u00e1s Vida\u201d, se indic\u00f3 desde la dependencia municipal.<\/p>\n\n\n\n<p>De este modo, desde la direcci\u00f3n General de Pol\u00edticas Comunitarias, se ha establecido el siguiente cronograma de entregas: hoy, en Pico de Oro; ma\u00f1ana en el barrio Santa Rosa; el jueves en Villa M\u00f3nica Vieja; y el viernes en La Colorada Oeste.<\/p>\n\n\n\n<p>Por \u00faltimo, el \u00e1rea de pol\u00edticas sociales municipal record\u00f3 que \u201cla entrega es domiciliaria y que, para hacerla efectiva, es condici\u00f3n indispensable que el titular se encuentre en el hogar y presente el DNI original. Por consultas y dudas, los interesados pueden comunicarse al 0800-999-1234<\/p>\n","protected":false},"excerpt":{"rendered":"<p>La Municipalidad de Florencio Varela, a trav\u00e9s de la secretar\u00eda de Desarrollo Social, informa que&#8230;<\/p>\n","protected":false},"author":1,"featured_media":59656,"comment_status":"open","ping_status":"open","sticky":false,"template":"","format":"standard","meta":{"footnotes":""},"categories":[3],"tags":[],"class_list":["post-4825","post","type-post","status-publish","format-standard","has-post-thumbnail","hentry","category-informacion-general"],"_links":{"self":[{"href":"https:\/\/conurbanodiario.com.ar\/index.php?rest_route=\/wp\/v2\/posts\/4825","targetHints":{"allow":["GET"]}}],"collection":[{"href":"https:\/\/conurbanodiario.com.ar\/index.php?rest_route=\/wp\/v2\/posts"}],"about":[{"href":"https:\/\/conurbanodiario.com.ar\/index.php?rest_route=\/wp\/v2\/types\/post"}],"author":[{"embeddable":true,"href":"https:\/\/conurbanodiario.com.ar\/index.php?rest_route=\/wp\/v2\/users\/1"}],"replies":[{"embeddable":true,"href":"https:\/\/conurbanodiario.com.ar\/index.php?rest_route=%2Fwp%2Fv2%2Fcomments&post=4825"}],"version-history":[{"count":1,"href":"https:\/\/conurbanodiario.com.ar\/index.php?rest_route=\/wp\/v2\/posts\/4825\/revisions"}],"predecessor-version":[{"id":4826,"href":"https:\/\/conurbanodiario.com.ar\/index.php?rest_route=\/wp\/v2\/posts\/4825\/revisions\/4826"}],"wp:featuredmedia":[{"embeddable":true,"href":"https:\/\/conurbanodiario.com.ar\/index.php?rest_route=\/wp\/v2\/media\/59656"}],"wp:attachment":[{"href":"https:\/\/conurbanodiario.com.ar\/index.php?rest_route=%2Fwp%2Fv2%2Fmedia&parent=4825"}],"wp:term":[{"taxonomy":"category","embeddable":true,"href":"https:\/\/conurbanodiario.com.ar\/index.php?rest_route=%2Fwp%2Fv2%2Fcategories&post=4825"},{"taxonomy":"post_tag","embeddable":true,"href":"https:\/\/conurbanodiario.com.ar\/index.php?rest_route=%2Fwp%2Fv2%2Ftags&post=4825"}],"curies":[{"name":"wp","href":"https:\/\/api.w.org\/{rel}","templated":true}]}}