{"id":4812,"date":"2020-06-17T03:06:00","date_gmt":"2020-06-17T06:06:00","guid":{"rendered":"http:\/\/conurbanodiario.com.ar\/?p=4812"},"modified":"2020-06-16T15:11:07","modified_gmt":"2020-06-16T18:11:07","slug":"convocatoria-para-la-2a-reunion-de-quilmes-modo-turismo","status":"publish","type":"post","link":"https:\/\/conurbanodiario.com.ar\/?p=4812","title":{"rendered":"CONVOCATORIA PARA LA 2\u00aa REUNI\u00d3N DE QUILMES MODO TURISMO"},"content":{"rendered":"\n<p>El Municipio de Quilmes informa que el jueves 18, a las 15, se realizar\u00e1 la 2\u00aa Reuni\u00f3n de Quilmes Modo Turismo, que en esta ocasi\u00f3n, ser\u00e1 de manera virtual. La misma estar\u00e1 a cargo de la Direcci\u00f3n General de Turismo de la Municipalidad de Quilmes, tratar\u00e1 sobre el turismo de reuniones y tiene como objeto contener en este dif\u00edcil momento al amplio sector que representa, adem\u00e1s de sensibilizar sobre la importancia econ\u00f3mica que trae aparejada para la ciudad el desarrollo de dicho nicho.<\/p>\n\n\n\n<p>La convocatoria est\u00e1 dirigida a prestadores del turismo de reuniones, agencias de turismo, salones, catering, ambientadores de eventos, hoteles y restaurantes, otros.<\/p>\n\n\n\n<p>Sus disertantes ser\u00e1n la directora provincial de Promoci\u00f3n y Coordinaci\u00f3n Tur\u00edstica bonaerense, Agustina Gonz\u00e1lez Carman y la representante del equipo MICE (Meetings, Incentives, Conventions and Exhibitions, es decir, Reuniones, Incentivos, Conferencias y Eventos) del Instituto Nacional de Promoci\u00f3n Tur\u00edstica (INPROTUR), Evelin Amaya.<\/p>\n\n\n\n<p>Todos aquellos que est\u00e9n interesados, podr\u00e1n inscribirse para la charla enviando un mail a&nbsp;<a href=\"mailto:turismo@quilmes.gov.ar\" target=\"_blank\" rel=\"noreferrer noopener\">turismo@quilmes.gov.ar<\/a><\/p>\n","protected":false},"excerpt":{"rendered":"<p>El Municipio de Quilmes informa que el jueves 18, a las 15, se realizar\u00e1 la&#8230;<\/p>\n","protected":false},"author":1,"featured_media":59656,"comment_status":"open","ping_status":"open","sticky":false,"template":"","format":"standard","meta":{"footnotes":""},"categories":[3],"tags":[],"class_list":["post-4812","post","type-post","status-publish","format-standard","has-post-thumbnail","hentry","category-informacion-general"],"_links":{"self":[{"href":"https:\/\/conurbanodiario.com.ar\/index.php?rest_route=\/wp\/v2\/posts\/4812","targetHints":{"allow":["GET"]}}],"collection":[{"href":"https:\/\/conurbanodiario.com.ar\/index.php?rest_route=\/wp\/v2\/posts"}],"about":[{"href":"https:\/\/conurbanodiario.com.ar\/index.php?rest_route=\/wp\/v2\/types\/post"}],"author":[{"embeddable":true,"href":"https:\/\/conurbanodiario.com.ar\/index.php?rest_route=\/wp\/v2\/users\/1"}],"replies":[{"embeddable":true,"href":"https:\/\/conurbanodiario.com.ar\/index.php?rest_route=%2Fwp%2Fv2%2Fcomments&post=4812"}],"version-history":[{"count":1,"href":"https:\/\/conurbanodiario.com.ar\/index.php?rest_route=\/wp\/v2\/posts\/4812\/revisions"}],"predecessor-version":[{"id":4814,"href":"https:\/\/conurbanodiario.com.ar\/index.php?rest_route=\/wp\/v2\/posts\/4812\/revisions\/4814"}],"wp:featuredmedia":[{"embeddable":true,"href":"https:\/\/conurbanodiario.com.ar\/index.php?rest_route=\/wp\/v2\/media\/59656"}],"wp:attachment":[{"href":"https:\/\/conurbanodiario.com.ar\/index.php?rest_route=%2Fwp%2Fv2%2Fmedia&parent=4812"}],"wp:term":[{"taxonomy":"category","embeddable":true,"href":"https:\/\/conurbanodiario.com.ar\/index.php?rest_route=%2Fwp%2Fv2%2Fcategories&post=4812"},{"taxonomy":"post_tag","embeddable":true,"href":"https:\/\/conurbanodiario.com.ar\/index.php?rest_route=%2Fwp%2Fv2%2Ftags&post=4812"}],"curies":[{"name":"wp","href":"https:\/\/api.w.org\/{rel}","templated":true}]}}