{"id":4739,"date":"2020-06-17T03:07:00","date_gmt":"2020-06-17T06:07:00","guid":{"rendered":"http:\/\/conurbanodiario.com.ar\/?p=4739"},"modified":"2020-06-16T15:11:17","modified_gmt":"2020-06-16T18:11:17","slug":"los-empleados-municipales-de-berazategui-cobraran-el-medio-aguinaldo-el-19-de-junio","status":"publish","type":"post","link":"https:\/\/conurbanodiario.com.ar\/?p=4739","title":{"rendered":"LOS EMPLEADOS MUNICIPALES DE BERAZATEGUI COBRAR\u00c1N EL MEDIO AGUINALDO EL 19 DE JUNIO"},"content":{"rendered":"\n<p><strong>La Municipalidad de Berazategui informa que los trabajadores municipales percibir\u00e1n el medio aguinaldo -correspondiente a la primera mitad del a\u00f1o- el pr\u00f3ximo viernes 19 de junio.<\/strong><\/p>\n\n\n\n<p>Ser\u00e1 a trav\u00e9s del mismo canal por el que habitualmente cobran sus haberes.<\/p>\n","protected":false},"excerpt":{"rendered":"<p>La Municipalidad de Berazategui informa que los trabajadores municipales percibir\u00e1n el medio aguinaldo -correspondiente a&#8230;<\/p>\n","protected":false},"author":1,"featured_media":59656,"comment_status":"open","ping_status":"open","sticky":false,"template":"","format":"standard","meta":{"footnotes":""},"categories":[3],"tags":[],"class_list":["post-4739","post","type-post","status-publish","format-standard","has-post-thumbnail","hentry","category-informacion-general"],"_links":{"self":[{"href":"https:\/\/conurbanodiario.com.ar\/index.php?rest_route=\/wp\/v2\/posts\/4739","targetHints":{"allow":["GET"]}}],"collection":[{"href":"https:\/\/conurbanodiario.com.ar\/index.php?rest_route=\/wp\/v2\/posts"}],"about":[{"href":"https:\/\/conurbanodiario.com.ar\/index.php?rest_route=\/wp\/v2\/types\/post"}],"author":[{"embeddable":true,"href":"https:\/\/conurbanodiario.com.ar\/index.php?rest_route=\/wp\/v2\/users\/1"}],"replies":[{"embeddable":true,"href":"https:\/\/conurbanodiario.com.ar\/index.php?rest_route=%2Fwp%2Fv2%2Fcomments&post=4739"}],"version-history":[{"count":1,"href":"https:\/\/conurbanodiario.com.ar\/index.php?rest_route=\/wp\/v2\/posts\/4739\/revisions"}],"predecessor-version":[{"id":4740,"href":"https:\/\/conurbanodiario.com.ar\/index.php?rest_route=\/wp\/v2\/posts\/4739\/revisions\/4740"}],"wp:featuredmedia":[{"embeddable":true,"href":"https:\/\/conurbanodiario.com.ar\/index.php?rest_route=\/wp\/v2\/media\/59656"}],"wp:attachment":[{"href":"https:\/\/conurbanodiario.com.ar\/index.php?rest_route=%2Fwp%2Fv2%2Fmedia&parent=4739"}],"wp:term":[{"taxonomy":"category","embeddable":true,"href":"https:\/\/conurbanodiario.com.ar\/index.php?rest_route=%2Fwp%2Fv2%2Fcategories&post=4739"},{"taxonomy":"post_tag","embeddable":true,"href":"https:\/\/conurbanodiario.com.ar\/index.php?rest_route=%2Fwp%2Fv2%2Ftags&post=4739"}],"curies":[{"name":"wp","href":"https:\/\/api.w.org\/{rel}","templated":true}]}}