{"id":4610,"date":"2020-06-11T03:05:00","date_gmt":"2020-06-11T06:05:00","guid":{"rendered":"http:\/\/conurbanodiario.com.ar\/?p=4610"},"modified":"2020-06-11T12:09:36","modified_gmt":"2020-06-11T15:09:36","slug":"abogados-exceptuados-en-varela","status":"publish","type":"post","link":"https:\/\/conurbanodiario.com.ar\/?p=4610","title":{"rendered":"ABOGADOS EXCEPTUADOS EN VARELA"},"content":{"rendered":"\n<p>El intendente Andr\u00e9s Watson public\u00f3 que mantuvo una videoconferencia con abogados varelenses. Lo hizo en el espacio que el Jefe Comunal posee en Facebook.<\/p>\n\n\n\n<p>De acuerdo a lo escrito, la charla estuvo referida a la labor de los abogados, una de las profesiones habilitadas por el gobierno nacional a trabajar, tras ser exceptuada del aislamiento preventivo.<\/p>\n\n\n\n<p>\u201cPodr\u00e1n hacerlo \u00fanicamente los martes y jueves de 14:00 a 20:00 horas\u201d, inform\u00f3 en la ocasi\u00f3n Watson, acerca de la autorizaci\u00f3n a los abogados. Y remarc\u00f3 que \u201cal igual que el resto de las actividades (permitidas), (trabajar\u00e1n) manteniendo un estricto protocolo sanitario\u201d.<\/p>\n\n\n\n<p>Por \u00faltimo, el Intendente, abogado de profesi\u00f3n, indic\u00f3: \u201cen esta nueva etapa de cuarentena administrada, necesitamos de la responsabilidad social de todos y que salgan \u00fanicamente cuando sea indispensable, extremando las medidas de prevenci\u00f3n\u201d.<\/p>\n\n\n\n<p>La comunicaci\u00f3n con los profesionales varelenses se hizo el lunes por la tarde, luego de confirmarse las excepciones de diferentes servicios y actividades comerciales y profesionales, en diferentes distritos.<\/p>\n","protected":false},"excerpt":{"rendered":"<p>El intendente Andr\u00e9s Watson public\u00f3 que mantuvo una videoconferencia con abogados varelenses. Lo hizo en&#8230;<\/p>\n","protected":false},"author":1,"featured_media":59656,"comment_status":"open","ping_status":"open","sticky":false,"template":"","format":"standard","meta":{"footnotes":""},"categories":[29],"tags":[],"class_list":["post-4610","post","type-post","status-publish","format-standard","has-post-thumbnail","hentry","category-judiciales"],"_links":{"self":[{"href":"https:\/\/conurbanodiario.com.ar\/index.php?rest_route=\/wp\/v2\/posts\/4610","targetHints":{"allow":["GET"]}}],"collection":[{"href":"https:\/\/conurbanodiario.com.ar\/index.php?rest_route=\/wp\/v2\/posts"}],"about":[{"href":"https:\/\/conurbanodiario.com.ar\/index.php?rest_route=\/wp\/v2\/types\/post"}],"author":[{"embeddable":true,"href":"https:\/\/conurbanodiario.com.ar\/index.php?rest_route=\/wp\/v2\/users\/1"}],"replies":[{"embeddable":true,"href":"https:\/\/conurbanodiario.com.ar\/index.php?rest_route=%2Fwp%2Fv2%2Fcomments&post=4610"}],"version-history":[{"count":1,"href":"https:\/\/conurbanodiario.com.ar\/index.php?rest_route=\/wp\/v2\/posts\/4610\/revisions"}],"predecessor-version":[{"id":4612,"href":"https:\/\/conurbanodiario.com.ar\/index.php?rest_route=\/wp\/v2\/posts\/4610\/revisions\/4612"}],"wp:featuredmedia":[{"embeddable":true,"href":"https:\/\/conurbanodiario.com.ar\/index.php?rest_route=\/wp\/v2\/media\/59656"}],"wp:attachment":[{"href":"https:\/\/conurbanodiario.com.ar\/index.php?rest_route=%2Fwp%2Fv2%2Fmedia&parent=4610"}],"wp:term":[{"taxonomy":"category","embeddable":true,"href":"https:\/\/conurbanodiario.com.ar\/index.php?rest_route=%2Fwp%2Fv2%2Fcategories&post=4610"},{"taxonomy":"post_tag","embeddable":true,"href":"https:\/\/conurbanodiario.com.ar\/index.php?rest_route=%2Fwp%2Fv2%2Ftags&post=4610"}],"curies":[{"name":"wp","href":"https:\/\/api.w.org\/{rel}","templated":true}]}}