{"id":4588,"date":"2020-06-10T12:20:44","date_gmt":"2020-06-10T15:20:44","guid":{"rendered":"http:\/\/conurbanodiario.com.ar\/?p=4588"},"modified":"2020-06-10T12:20:45","modified_gmt":"2020-06-10T15:20:45","slug":"gollan-y-garro-se-reunieron-para-coordinar-acciones-ante-avance-de-la-pandemia","status":"publish","type":"post","link":"https:\/\/conurbanodiario.com.ar\/?p=4588","title":{"rendered":"GOLLAN Y GARRO SE REUNIERON PARA COORDINAR ACCIONES ANTE AVANCE DE LA PANDEMIA"},"content":{"rendered":"\n<p>El ministro de Salud bonaerense, Daniel Gollan, y el intendente de la ciudad de La Plata, Julio Garro, analizaron la \u00absituaci\u00f3n sanitaria en la regi\u00f3n ante el crecimiento de casos\u00bb de coronavirus.<\/p>\n\n\n\n<p>En ese marco, acordaron \u00abtrabajar en forma conjunta para dejar en \u00f3ptimas condiciones a los Centros de Atenci\u00f3n Intermedia para afectados leves\u00bb de Covid-19, inform\u00f3 hoy la municipalidad.<\/p>\n\n\n\n<p>La comuna difundi\u00f3 los detalles de la reuni\u00f3n, realizada ayer a la tarde, en la que se analiz\u00f3 la \u00absituaci\u00f3n sanitaria en la regi\u00f3n, ante el crecimiento de casos que hubo durante las \u00faltimas semanas\u00bb.<\/p>\n\n\n\n<p>Se precis\u00f3 que los centros de atenci\u00f3n \u00abtendr\u00e1n una asistencia solidaria ya que se integrar\u00e1n a la red de camas dispuestas en toda la provincia, en iguales condiciones que los hospitales\u00bb, por lo que cada municipio se encargar\u00e1 de que se encuentren en condiciones para albergar a ciudadanos que as\u00ed lo requieran.<\/p>\n\n\n\n<p>\u00abTuvimos una reuni\u00f3n muy buena con el Ministro, necesaria para saber c\u00f3mo vamos a trabajar de cara a lo que se viene\u00bb, explic\u00f3 Garro y remarc\u00f3 que \u00abes fundamental que reforcemos el sistema sanitario para garantizar la salud de los platenses\u00bb.<\/p>\n\n\n\n<p>\u00abEl objetivo es tener camas vacantes para ir atendiendo los casos que requieren del aislamiento social y un continuo monitoreo. Estos centros son de atenci\u00f3n intermedia ya que no cuentan con respiradores autom\u00e1ticos ni con camas de terapia, las cuales seguir\u00e1n estando en los hospitales y cl\u00ednicas\u00bb, puntualiz\u00f3.<\/p>\n\n\n\n<p>Seg\u00fan se precis\u00f3, el municipio se encargar\u00e1 de administrar los centros de atenci\u00f3n intermedia; mientras que la situaci\u00f3n sanitaria depender\u00e1 del sistema de salud de la provincia, en lo que hace a la derivaci\u00f3n de los pacientes que as\u00ed lo requieran.<\/p>\n\n\n\n<p>De esta manera, La Plata tendr\u00e1 a disposici\u00f3n los Centros de Atenci\u00f3n Intermedia que el municipio prepar\u00f3 en la Rep\u00fablica de los Ni\u00f1os (115 camas), en el Polideportivo Los Hornos (90 camas), y en los clubes de Gimnasia y Esgrima (50 camas) y Estudiantes (50 camas).<\/p>\n\n\n\n<p>Adem\u00e1s, se inform\u00f3 que se sumar\u00e1 mediante un convenio con el sindicato Suteba un hotel que cuenta con 80 camas disponibles para pacientes con Covid-19.<\/p>\n","protected":false},"excerpt":{"rendered":"<p>El ministro de Salud bonaerense, Daniel Gollan, y el intendente de la ciudad de La&#8230;<\/p>\n","protected":false},"author":1,"featured_media":59656,"comment_status":"open","ping_status":"open","sticky":false,"template":"","format":"standard","meta":{"footnotes":""},"categories":[28],"tags":[],"class_list":["post-4588","post","type-post","status-publish","format-standard","has-post-thumbnail","hentry","category-la-provincia"],"_links":{"self":[{"href":"https:\/\/conurbanodiario.com.ar\/index.php?rest_route=\/wp\/v2\/posts\/4588","targetHints":{"allow":["GET"]}}],"collection":[{"href":"https:\/\/conurbanodiario.com.ar\/index.php?rest_route=\/wp\/v2\/posts"}],"about":[{"href":"https:\/\/conurbanodiario.com.ar\/index.php?rest_route=\/wp\/v2\/types\/post"}],"author":[{"embeddable":true,"href":"https:\/\/conurbanodiario.com.ar\/index.php?rest_route=\/wp\/v2\/users\/1"}],"replies":[{"embeddable":true,"href":"https:\/\/conurbanodiario.com.ar\/index.php?rest_route=%2Fwp%2Fv2%2Fcomments&post=4588"}],"version-history":[{"count":2,"href":"https:\/\/conurbanodiario.com.ar\/index.php?rest_route=\/wp\/v2\/posts\/4588\/revisions"}],"predecessor-version":[{"id":4591,"href":"https:\/\/conurbanodiario.com.ar\/index.php?rest_route=\/wp\/v2\/posts\/4588\/revisions\/4591"}],"wp:featuredmedia":[{"embeddable":true,"href":"https:\/\/conurbanodiario.com.ar\/index.php?rest_route=\/wp\/v2\/media\/59656"}],"wp:attachment":[{"href":"https:\/\/conurbanodiario.com.ar\/index.php?rest_route=%2Fwp%2Fv2%2Fmedia&parent=4588"}],"wp:term":[{"taxonomy":"category","embeddable":true,"href":"https:\/\/conurbanodiario.com.ar\/index.php?rest_route=%2Fwp%2Fv2%2Fcategories&post=4588"},{"taxonomy":"post_tag","embeddable":true,"href":"https:\/\/conurbanodiario.com.ar\/index.php?rest_route=%2Fwp%2Fv2%2Ftags&post=4588"}],"curies":[{"name":"wp","href":"https:\/\/api.w.org\/{rel}","templated":true}]}}