{"id":4585,"date":"2020-06-10T11:13:14","date_gmt":"2020-06-10T14:13:14","guid":{"rendered":"http:\/\/conurbanodiario.com.ar\/?p=4585"},"modified":"2020-06-10T11:13:14","modified_gmt":"2020-06-10T14:13:14","slug":"quilmes-ediles-de-la-oposicion-piden-informacion-al-ejecutivo","status":"publish","type":"post","link":"https:\/\/conurbanodiario.com.ar\/?p=4585","title":{"rendered":"QUILMES: EDILES DE LA OPOSICI\u00d3N PIDEN INFORMACI\u00d3N AL EJECUTIVO"},"content":{"rendered":"\n<p>El bloque de Juntos por el Cambio Quilmes, particip\u00f3 de una nueva sesi\u00f3n virtual del Honorable Concejo Deliberante local. En la ocasi\u00f3n y, en el marco del incremento de contagios de COVID-19 en barrios populares como Villa Azul e Itat\u00ed, se present\u00f3 y trat\u00f3 el pedido de informes al Departamento Ejecutivo sobre las pol\u00edticas p\u00fablicas dise\u00f1adas para asistir a los vecinos para sobrellevar tan preocupante situaci\u00f3n. La funci\u00f3n de contralor sobre la ejecuci\u00f3n de las acciones que tienen tan alto impacto en la comunidad, es un rol indelegable de la oposici\u00f3n y, para poder ejercerla se necesita informaci\u00f3n precisa y de primera fuente. El pedido de informe fue acompa\u00f1ado por los 24 ediles y aprobado luego de un arduo debate, donde cada bloque pudo expresar su parecer sobre la situaci\u00f3n que atraviesan todos los barrios vulnerables del distrito. Tambi\u00e9n la oposici\u00f3n plante\u00f3 su repudio al nuevo acto de violencia ejercido sobre los trabajadores del Frigor\u00edfico Penta S.A., el pasado 2 de junio, quienes contin\u00faan sin soluci\u00f3n a su precaria situaci\u00f3n laboral.<\/p>\n\n\n\n<p>En la sesi\u00f3n tambi\u00e9n se aprob\u00f3 el proyecto del Ejecutivo de declarar de inter\u00e9s municipal la edificaci\u00f3n del complejo socio ambiental Eco Parque Quilmes. \u201cDecidimos acompa\u00f1ar este proyecto porque consideramos que es un avance para la ciudad. Nuestro rol como oposici\u00f3n es acompa\u00f1ar las cosas que est\u00e1n bien y controlar y auditar lo que amerite ser revisado. Con nuestro apoyo el municipio podr\u00e1 dar el primer paso para conseguir que el Banco Interamericano de Desarrollo financie la construcci\u00f3n del parque\u201d, afirm\u00f3 Juan Manuel Bernasconi, presidente del bloque.<br>Por otro lado se ingres\u00f3 la adhesi\u00f3n al proyecto de Ley presentado a la Honorable C\u00e1mara de Diputados de la Naci\u00f3n para la creaci\u00f3n del \u201cR\u00e9gimen de promoci\u00f3n de los rubros hoteleros y gastron\u00f3micos\u201d en el marco de la pandemia de COVID-19, a fin de aliviar la presi\u00f3n fiscal que est\u00e1n soportando los comerciantes locales del sector.<\/p>\n\n\n\n<p>Tambi\u00e9n se solicit\u00f3 al Departamento Ejecutivo que responda a los cuestionamientos que surgen de los requisitos de otorgamiento y proceso de ejecuci\u00f3n del Ingreso Familiar de Emergencia (IFE), entregado por la Administraci\u00f3n Nacional de Seguridad Social. Asimismo los ediles que integran el bloque de Juntos por el Cambio Quilmes, manifestaron su repudio al material distribuido por el Ministerio de Educaci\u00f3n de la Naci\u00f3n destinado a alumnos de escuelas p\u00fablicas durante el aislamiento social preventivo y obligatorio, por considerar que el contenido tiene expl\u00edcitas alusiones de corte pol\u00edtico-ideol\u00f3gico, resaltando la figura de funcionarios de la actual gesti\u00f3n lo que no s\u00f3lo hace que los destinatarios reciban una visi\u00f3n sesgada de la realidad, sino que impide el desarrollo de la conciencia cr\u00edtica del alumnado.<\/p>\n","protected":false},"excerpt":{"rendered":"<p>El bloque de Juntos por el Cambio Quilmes, particip\u00f3 de una nueva sesi\u00f3n virtual del&#8230;<\/p>\n","protected":false},"author":1,"featured_media":59656,"comment_status":"open","ping_status":"open","sticky":false,"template":"","format":"standard","meta":{"footnotes":""},"categories":[35],"tags":[],"class_list":["post-4585","post","type-post","status-publish","format-standard","has-post-thumbnail","hentry","category-politica"],"_links":{"self":[{"href":"https:\/\/conurbanodiario.com.ar\/index.php?rest_route=\/wp\/v2\/posts\/4585","targetHints":{"allow":["GET"]}}],"collection":[{"href":"https:\/\/conurbanodiario.com.ar\/index.php?rest_route=\/wp\/v2\/posts"}],"about":[{"href":"https:\/\/conurbanodiario.com.ar\/index.php?rest_route=\/wp\/v2\/types\/post"}],"author":[{"embeddable":true,"href":"https:\/\/conurbanodiario.com.ar\/index.php?rest_route=\/wp\/v2\/users\/1"}],"replies":[{"embeddable":true,"href":"https:\/\/conurbanodiario.com.ar\/index.php?rest_route=%2Fwp%2Fv2%2Fcomments&post=4585"}],"version-history":[{"count":1,"href":"https:\/\/conurbanodiario.com.ar\/index.php?rest_route=\/wp\/v2\/posts\/4585\/revisions"}],"predecessor-version":[{"id":4587,"href":"https:\/\/conurbanodiario.com.ar\/index.php?rest_route=\/wp\/v2\/posts\/4585\/revisions\/4587"}],"wp:featuredmedia":[{"embeddable":true,"href":"https:\/\/conurbanodiario.com.ar\/index.php?rest_route=\/wp\/v2\/media\/59656"}],"wp:attachment":[{"href":"https:\/\/conurbanodiario.com.ar\/index.php?rest_route=%2Fwp%2Fv2%2Fmedia&parent=4585"}],"wp:term":[{"taxonomy":"category","embeddable":true,"href":"https:\/\/conurbanodiario.com.ar\/index.php?rest_route=%2Fwp%2Fv2%2Fcategories&post=4585"},{"taxonomy":"post_tag","embeddable":true,"href":"https:\/\/conurbanodiario.com.ar\/index.php?rest_route=%2Fwp%2Fv2%2Ftags&post=4585"}],"curies":[{"name":"wp","href":"https:\/\/api.w.org\/{rel}","templated":true}]}}