{"id":4583,"date":"2020-06-10T11:07:20","date_gmt":"2020-06-10T14:07:20","guid":{"rendered":"http:\/\/conurbanodiario.com.ar\/?p=4583"},"modified":"2020-06-10T11:07:21","modified_gmt":"2020-06-10T14:07:21","slug":"el-presidente-anuncio-la-intervencion-del-servicio-penitenciario-federal","status":"publish","type":"post","link":"https:\/\/conurbanodiario.com.ar\/?p=4583","title":{"rendered":"EL PRESIDENTE ANUNCI\u00d3 LA INTERVENCI\u00d3N DEL SERVICIO PENITENCIARIO FEDERAL"},"content":{"rendered":"\n<p>El presidente Alberto Fern\u00e1ndez reiter\u00f3 hoy su \u00abenorme preocupaci\u00f3n\u00bb ante las denuncias de presunto espionaje en la Agencia Federal de Inteligencia (AFI) durante el gobierno de Mauricio Macri y anticip\u00f3 que hoy designar\u00e1 a un funcionario a cargo de la subsecretar\u00eda de Asuntos Penitenciarios que \u00abtendr\u00e1 el rol de intervenci\u00f3n del Servicio Penitenciario Federal\u00bb.<\/p>\n\n\n\n<p>\u00abEspero que la Justicia haga lo que tiene que hacer con las denuncias de espionaje\u00bb, dijo Fern\u00e1ndez en declaraciones a Radio10 y, en relaci\u00f3n al Servicio Penitenciaio Federal, anticip\u00f3: \u00abVamos a ocuparnos de intervenirlo y de ciertas cosas que nunca m\u00e1s quiero que ocurran<\/p>\n","protected":false},"excerpt":{"rendered":"<p>El presidente Alberto Fern\u00e1ndez reiter\u00f3 hoy su \u00abenorme preocupaci\u00f3n\u00bb ante las denuncias de presunto espionaje&#8230;<\/p>\n","protected":false},"author":1,"featured_media":59656,"comment_status":"open","ping_status":"open","sticky":false,"template":"","format":"standard","meta":{"footnotes":""},"categories":[5],"tags":[],"class_list":["post-4583","post","type-post","status-publish","format-standard","has-post-thumbnail","hentry","category-el-pais"],"_links":{"self":[{"href":"https:\/\/conurbanodiario.com.ar\/index.php?rest_route=\/wp\/v2\/posts\/4583","targetHints":{"allow":["GET"]}}],"collection":[{"href":"https:\/\/conurbanodiario.com.ar\/index.php?rest_route=\/wp\/v2\/posts"}],"about":[{"href":"https:\/\/conurbanodiario.com.ar\/index.php?rest_route=\/wp\/v2\/types\/post"}],"author":[{"embeddable":true,"href":"https:\/\/conurbanodiario.com.ar\/index.php?rest_route=\/wp\/v2\/users\/1"}],"replies":[{"embeddable":true,"href":"https:\/\/conurbanodiario.com.ar\/index.php?rest_route=%2Fwp%2Fv2%2Fcomments&post=4583"}],"version-history":[{"count":1,"href":"https:\/\/conurbanodiario.com.ar\/index.php?rest_route=\/wp\/v2\/posts\/4583\/revisions"}],"predecessor-version":[{"id":4584,"href":"https:\/\/conurbanodiario.com.ar\/index.php?rest_route=\/wp\/v2\/posts\/4583\/revisions\/4584"}],"wp:featuredmedia":[{"embeddable":true,"href":"https:\/\/conurbanodiario.com.ar\/index.php?rest_route=\/wp\/v2\/media\/59656"}],"wp:attachment":[{"href":"https:\/\/conurbanodiario.com.ar\/index.php?rest_route=%2Fwp%2Fv2%2Fmedia&parent=4583"}],"wp:term":[{"taxonomy":"category","embeddable":true,"href":"https:\/\/conurbanodiario.com.ar\/index.php?rest_route=%2Fwp%2Fv2%2Fcategories&post=4583"},{"taxonomy":"post_tag","embeddable":true,"href":"https:\/\/conurbanodiario.com.ar\/index.php?rest_route=%2Fwp%2Fv2%2Ftags&post=4583"}],"curies":[{"name":"wp","href":"https:\/\/api.w.org\/{rel}","templated":true}]}}