{"id":4580,"date":"2020-06-10T11:01:54","date_gmt":"2020-06-10T14:01:54","guid":{"rendered":"http:\/\/conurbanodiario.com.ar\/?p=4580"},"modified":"2020-06-10T11:01:55","modified_gmt":"2020-06-10T14:01:55","slug":"el-lunes-se-realizara-el-conversatorio-virtual-patrimonio-museo-territorio-y-comunidad-horizontes-posibles-desde-la-descolonizacion-cultural","status":"publish","type":"post","link":"https:\/\/conurbanodiario.com.ar\/?p=4580","title":{"rendered":"EL LUNES SE REALIZAR\u00c1 EL CONVERSATORIO VIRTUAL \u201cPATRIMONIO, MUSEO, TERRITORIO Y COMUNIDAD: HORIZONTES POSIBLES DESDE LA DESCOLONIZACI\u00d3N CULTURAL\u201d"},"content":{"rendered":"\n<p>El Municipio de Quilmes informa que este lunes 15 de junio se realizar\u00e1 un conversatorio virtual con especialistas internacionales del campo de los museos y las bibliotecas. El evento, llamado \u201cPatrimonio, museo, territorio y comunidad: horizontes posibles desde la descolonizaci\u00f3n cultural\u201d es un trabajo en conjunto de la Secretar\u00eda de Educaci\u00f3n, Culturas y Deportes comunal, la Direcci\u00f3n de Patrimonio Provincial y la Direcci\u00f3n de Monumentos y sitios hist\u00f3ricos.<\/p>\n\n\n\n<p>La actividad tiene el fin de impulsar la conversaci\u00f3n entre distintas profesionales de Argentina y Am\u00e9rica Latina, que desde su especificidad y pertinencia organizacional realizan trabajos que movilizan, activan, promueven y divulgan pr\u00e1cticas comunitarias. A su vez, busca una polifon\u00eda de voces en la apuesta por construir espacios democr\u00e1ticos que ponderen el pleno ejercicio de los derechos culturales.<\/p>\n\n\n\n<p>El evento, que contar\u00e1 con dos mesas compuestas por expositoras de diversos pa\u00edses, comenzar\u00e1 a las once de la ma\u00f1ana, contar\u00e1 con un receso al mediod\u00eda, y reiniciar\u00e1 a las tres de la tarde. La inscripci\u00f3n es libre y gratuita, ingresando en el siguiente link:&nbsp;<a href=\"https:\/\/www.quilmes.gov.ar\/ciudad\/webinar.php\" target=\"_blank\" rel=\"noreferrer noopener\">https:\/\/www.quilmes.gov.ar\/ciudad\/webinar.php<\/a><br><br>Cronograma de las Expositoras:<\/p>\n\n\n\n<p>Mesa 1 &#8211; 11 hs.:<\/p>\n\n\n\n<p>Marcelle Pereira (BRASIL) &#8211; Doctora en Museolog\u00eda<\/p>\n\n\n\n<p>Vicepresidenta del MINOM-Movimiento Internacional para la Nueva Museolog\u00eda. Miembro de la Secretar\u00eda de Extensi\u00f3n de la Universidad de Rondonia, Porto Velho, Brasil. Maestra en Museolog\u00eda y Patrimonio y Doctora en Museolog\u00eda Universidad Lus\u00f3fona de Humanidad y Tecnolog\u00edas ULTH. Fue coordinadora t\u00e9cnica del Museu de Favela MUF, coordinadora en Museolog\u00eda Social e Educaci\u00f3n IBRAM Instituto Brasileiro de Museus, coordinadora del Sector Educativo del Museo Hist\u00f3rico Nacional.<\/p>\n\n\n\n<p>Celina Hafford (ARGENTINA) &#8211; M\u00e1ster en Museolog\u00eda &nbsp;<\/p>\n\n\n\n<p>Delegada de ICOM C\u00f3rdoba. Miembro de la Comisi\u00f3n Directiva de ICOM Argentina. Docente de trayectos de posgrado de patrimonio y museolog\u00eda en la Universidad Nacional de C\u00f3rdoba, Universidad Nacional del Litoral y Universidad Blas Pascal. Actual coordinadora de la Sala Municipal de Lectura \u201cMalicha\u201d de la Municipalidad de C\u00f3rdoba. Miembro de la red Espacio de Encuentro de \u00c1reas Educativas de Museos de la ciudad de C\u00f3rdoba.<\/p>\n\n\n\n<p>Bernarda Delgado El\u00edas (PER\u00da) &#8211; M\u00e1ster en Ciencias Sociales con menci\u00f3n en Gesti\u00f3n del Patrimonio Cultural &nbsp;<\/p>\n\n\n\n<p>Diplomada en Gesti\u00f3n Cultural del Patrimonio. Directora del Museo de T\u00facume, investigadora en diferentes proyectos de investigaci\u00f3n arqueol\u00f3gica en el norte del Per\u00fa (Chan Chan, Ku\u00e9lap, Cajamarca y T\u00facume). Desde 2004 dirige el Proyecto de Investigaci\u00f3n, Conservaci\u00f3n Puesta en Valor y Desarrollo Comunitario del Complejo Arqueol\u00f3gico de T\u00facume, bajo la perspectiva de la ecomuseolog\u00eda. &nbsp;<\/p>\n\n\n\n<p>Gabriela Pesclevi (ARGENTINA) &#8211; Licenciada en Trabajo Social &nbsp;<\/p>\n\n\n\n<p>Co fundadora del colectivo \u201cLa Grieta\u201d y miembro de la Biblioteca Popular \u201cLa Chicharra\u201d. Docente en la Universidad Nacional de La Plata y en espacios de educaci\u00f3n no formal, es promotora de trabajos territoriales en el gran La Plata y comunicadora en medios period\u00edsticos de la regi\u00f3n. Como investigadora del patrimonio socio cultural, public\u00f3 el trabajo \u201cLibros que muerden.Literatura infantil y juvenil censurada durante la \u00faltima dictadura militar 1976-1983\u201d.<\/p>\n\n\n\n<p>Mesa 2 &#8211; 15 hs. :<\/p>\n\n\n\n<p>Olga Bartolom\u00e9 (ARGENTINA) &#8211; Magister en Asesoramiento y Gesti\u00f3n Pedag\u00f3gica &nbsp;<\/p>\n\n\n\n<p>Docente y coordinadora del Museo Escolar ENSAGA- Escuela Normal Superior Agust\u00edn Garz\u00f3n Agulla de la ciudad de C\u00f3rdoba. Miembro de la Red de Pedagog\u00eda de Museos de Am\u00e9rica Latina y la Asociaci\u00f3n Trabajadores de Museos. Fue miembro de los equipos educativos del Museo Nacional Estancia Jesu\u00edtica de Alta Gracia y Museo Jesu\u00edtico Nacional, dependientes de la Direcci\u00f3n Nacional de Museos. &nbsp;<\/p>\n\n\n\n<p>Acompa\u00f1ada por Raquel Elizondo Barrios &#8211; Licenciada en Historia. Trabajadora del \u00e1rea de registro y documentaci\u00f3n de la Museo Jesu\u00edtico Nacional Estancia de Jes\u00fas Mar\u00eda (C\u00f3rdoba). Profesora en Educaci\u00f3n Superior y Coordinadora del \u00c1rea de Capacitaci\u00f3n y Extensi\u00f3n Escuela Normal Superior Agust\u00edn Garz\u00f3n \u00c1gulla-ENSAGA. &nbsp;<\/p>\n\n\n\n<p>Girlene Chagas Bulhoes (BRASIL) &#8211; Muse\u00f3loga- Maestra en Performances Culturales &nbsp;<\/p>\n\n\n\n<p>Especialista en Patrimonio Derechos Culturales y Ciudadan\u00eda-Profesora del curso de Museolog\u00eda de la Universidad de Brasilia, profesora sustituta del curso de Museolog\u00eda de la Universidad de Brasilia. Ide\u00f3loga de Musgo (Museo de los gustos y afectos), de Muque (Museo afectivo social del Dique), Dique de Toror\u00f3 en Salvador Bah\u00eda y de Musgo. Actualmente, desarrolla el concepto de Instalaciones museales cuya base te\u00f3rica est\u00e1 formada por la Museolog\u00eda afectiva-Social, por el rizoma y por el Arte Bruto.<\/p>\n\n\n\n<p>Julieta Rausch (ARGENTINA) &#8211; Muse\u00f3loga &#8211; Licenciada en Cs. Sociales &#8211; Educadora<\/p>\n\n\n\n<p>Coordinadora del \u00e1rea archivos y del \u00e1rea educativa del Museo del Puerto en la ciudad de Ingeniero White, Bah\u00eda Blanca, Buenos Aires. Actu\u00f3 como educadora en programas de finalizaci\u00f3n de estudios para j\u00f3venes y tallerista de personas mayores a trav\u00e9s del programa UPAMI. Miembro de la Asociaci\u00f3n Trabajadores de Museos. Particip\u00f3 del proyecto del Museo Integral de Laguna Blanca, Catamarca, junto a comunidades ind\u00edgenas de la puna catamarque\u00f1a. A trav\u00e9s de una beca, desarroll\u00f3 una investigaci\u00f3n sobre los modos de organizaci\u00f3n popular de los carnavales, junto a al Museo del Carnaval de Montevideo. Actualmente, transita como muse\u00f3loga en tareas de voluntariado y mediaci\u00f3n patrimonial en territorios de Argentina y Bolivia desde la perspectiva de la Museolog\u00eda Social Cr\u00edtica.<\/p>\n","protected":false},"excerpt":{"rendered":"<p>El Municipio de Quilmes informa que este lunes 15 de junio se realizar\u00e1 un conversatorio&#8230;<\/p>\n","protected":false},"author":1,"featured_media":59656,"comment_status":"open","ping_status":"open","sticky":false,"template":"","format":"standard","meta":{"footnotes":""},"categories":[8],"tags":[],"class_list":["post-4580","post","type-post","status-publish","format-standard","has-post-thumbnail","hentry","category-cultura"],"_links":{"self":[{"href":"https:\/\/conurbanodiario.com.ar\/index.php?rest_route=\/wp\/v2\/posts\/4580","targetHints":{"allow":["GET"]}}],"collection":[{"href":"https:\/\/conurbanodiario.com.ar\/index.php?rest_route=\/wp\/v2\/posts"}],"about":[{"href":"https:\/\/conurbanodiario.com.ar\/index.php?rest_route=\/wp\/v2\/types\/post"}],"author":[{"embeddable":true,"href":"https:\/\/conurbanodiario.com.ar\/index.php?rest_route=\/wp\/v2\/users\/1"}],"replies":[{"embeddable":true,"href":"https:\/\/conurbanodiario.com.ar\/index.php?rest_route=%2Fwp%2Fv2%2Fcomments&post=4580"}],"version-history":[{"count":1,"href":"https:\/\/conurbanodiario.com.ar\/index.php?rest_route=\/wp\/v2\/posts\/4580\/revisions"}],"predecessor-version":[{"id":4582,"href":"https:\/\/conurbanodiario.com.ar\/index.php?rest_route=\/wp\/v2\/posts\/4580\/revisions\/4582"}],"wp:featuredmedia":[{"embeddable":true,"href":"https:\/\/conurbanodiario.com.ar\/index.php?rest_route=\/wp\/v2\/media\/59656"}],"wp:attachment":[{"href":"https:\/\/conurbanodiario.com.ar\/index.php?rest_route=%2Fwp%2Fv2%2Fmedia&parent=4580"}],"wp:term":[{"taxonomy":"category","embeddable":true,"href":"https:\/\/conurbanodiario.com.ar\/index.php?rest_route=%2Fwp%2Fv2%2Fcategories&post=4580"},{"taxonomy":"post_tag","embeddable":true,"href":"https:\/\/conurbanodiario.com.ar\/index.php?rest_route=%2Fwp%2Fv2%2Ftags&post=4580"}],"curies":[{"name":"wp","href":"https:\/\/api.w.org\/{rel}","templated":true}]}}