{"id":4571,"date":"2020-06-10T10:14:07","date_gmt":"2020-06-10T13:14:07","guid":{"rendered":"http:\/\/conurbanodiario.com.ar\/?p=4571"},"modified":"2020-06-10T10:14:08","modified_gmt":"2020-06-10T13:14:08","slug":"le-niegan-la-libertad-condicional-a-uno-de-los-secuestradores-y-asesinos-de-axel-blumberg","status":"publish","type":"post","link":"https:\/\/conurbanodiario.com.ar\/?p=4571","title":{"rendered":"LE NIEGAN LA LIBERTAD CONDICIONAL A UNO DE LOS SECUESTRADORES Y ASESINOS DE AXEL BLUMBERG"},"content":{"rendered":"\n<p>El Tribunal Oral Federal 2 de San Mart\u00edn rechaz\u00f3 la libertad condicional que hab\u00eda solicitado Carlos Sa\u00fal D\u00edaz, uno de los secuestradores de Axel Blumberg que en 2004 particip\u00f3 de su ejecuci\u00f3n luego de no poder cobrar el rescate, informaron hoy fuentes judiciales.<\/p>\n\n\n\n<p>La decisi\u00f3n fue adoptada ayer por el juez Eduardo Farah, miembro del tribunal a cargo de la ejecuci\u00f3n de la pena de los condenados de la causa, quien de esta manera coincidi\u00f3 con la opini\u00f3n que brindaron Juan Carlos Blumberg, padre del universitario asesinado, y otras de las v\u00edctimas de la banda, cuando se opusieron al planteo.<\/p>\n\n\n\n<p>Blumberg hab\u00eda presentado, a trav\u00e9s de sus abogados Claudio Calabressi y Arturo Stanic, un escrito en el que se opon\u00eda por cuarto a\u00f1o consecutivo a las salidas transitorias y la libertad condicional de D\u00edaz (33) y en el que menciona que todos los informes psicol\u00f3gicos y penitenciarios sobre el condenado eran \u00abnegativos\u00bb.<\/p>\n\n\n\n<p>En el mismo escrito, se\u00f1ala que si hubiese sido mayor al momento del hecho estar\u00eda condenado a prisi\u00f3n perpetua y que en su caso el pron\u00f3stico de reinserci\u00f3n es \u00abdudoso\u00bb.<\/p>\n\n\n\n<p>Carlos es el menor de los hermanos D\u00edaz involucrados en el hecho y por haber sido menor de edad al momento del hecho \u2013ten\u00eda 17-, cumple una condena de 20 a\u00f1os de c\u00e1rcel en vez de prisi\u00f3n perpetua, por secuestro extorsivo agravado por la muerte intencional de la v\u00edctima, entre otros delitos.<\/p>\n\n\n\n<p>Su hermano mayor, Jos\u00e9 Jer\u00f3nimo \u201cEl Negro\u201d D\u00edaz (39), condenado a prisi\u00f3n perpetua como presunto autor material del disparo que asesin\u00f3 a Axel, tambi\u00e9n present\u00f3 el mes pasado un pedido pero de prisi\u00f3n domiciliaria por la pandemia del coronavirus.<\/p>\n\n\n\n<p>Seg\u00fan las fuentes, entre los fundamentos enunciados por su defensa oficial, D\u00edaz se\u00f1al\u00f3 que est\u00e1 detenido en la Unidad 7 del Servicio Penitenciario Federal (SPF) en Resistencia, Chaco, la tercera provincia con mayor cantidad de contagios de Covid-19 del pa\u00eds, detr\u00e1s de la ciudad y de la provincia de Buenos Aires.<\/p>\n\n\n\n<p>Tambi\u00e9n argument\u00f3 una situaci\u00f3n familiar vinculada a la necesidad de estar en su casa por una enfermedad de su esposa.<\/p>\n\n\n\n<p>Fuentes del TOF 2 de San Mart\u00edn indicaron a T\u00e9lam que esta petici\u00f3n a\u00fan est\u00e1 pendiente de resoluci\u00f3n.<\/p>\n\n\n\n<p>Axel Blumberg (23), estudiante de ingenier\u00eda, fue secuestrado la noche del 17 de marzo de 2004, cerca de la casa de su novia en la localidad bonaerense de Mart\u00ednez.<\/p>\n\n\n\n<p>Su padre recibi\u00f3 llamados donde le ped\u00edan un rescate inicial de 50.000 pesos y luego bajaron las pretensiones a 14.500, que nunca fueron entregados porque la banda fue interceptada por la polic\u00eda, hubo un tiroteo y escaparon en un auto blindado que le hab\u00edan robado a otro secuestrado.<\/p>\n\n\n\n<p>Los secuestradores planeaban liberar a Axel luego de ese tiroteo, pero el joven escap\u00f3 del lugar donde estaba cautivo, en Moreno, fue recapturado y, como le vio las caras a sus captores, decidieron asesinarlo.<\/p>\n\n\n\n<p>Adem\u00e1s de los hermanos D\u00edaz los otros dos condenados que a\u00fan permanecen presos por el caso son Mart\u00edn \u00abEl Oso\u00bb Peralta (38), jefe de la banda, quien tambi\u00e9n cumple prisi\u00f3n perpetua y Sergio Dami\u00e1n Mi\u00f1o (32), otro que era menor al momento del crimen y fue sentenciado a 18 a\u00f1os de c\u00e1rcel.<\/p>\n\n\n\n<p>Seg\u00fan lo acreditado en el juicio oral y las confesiones de algunos miembros de la banda, Peralta y los dos hermanos D\u00edaz fueron los que llevaron a ejecutar a Axel al descampado de La Reja donde apareci\u00f3 asesinado el 23 de marzo de ese a\u00f1o, con un tiro en la sien derecha efectuado con un arma calibre 38.<\/p>\n","protected":false},"excerpt":{"rendered":"<p>El Tribunal Oral Federal 2 de San Mart\u00edn rechaz\u00f3 la libertad condicional que hab\u00eda solicitado&#8230;<\/p>\n","protected":false},"author":1,"featured_media":59656,"comment_status":"open","ping_status":"open","sticky":false,"template":"","format":"standard","meta":{"footnotes":""},"categories":[29],"tags":[],"class_list":["post-4571","post","type-post","status-publish","format-standard","has-post-thumbnail","hentry","category-judiciales"],"_links":{"self":[{"href":"https:\/\/conurbanodiario.com.ar\/index.php?rest_route=\/wp\/v2\/posts\/4571","targetHints":{"allow":["GET"]}}],"collection":[{"href":"https:\/\/conurbanodiario.com.ar\/index.php?rest_route=\/wp\/v2\/posts"}],"about":[{"href":"https:\/\/conurbanodiario.com.ar\/index.php?rest_route=\/wp\/v2\/types\/post"}],"author":[{"embeddable":true,"href":"https:\/\/conurbanodiario.com.ar\/index.php?rest_route=\/wp\/v2\/users\/1"}],"replies":[{"embeddable":true,"href":"https:\/\/conurbanodiario.com.ar\/index.php?rest_route=%2Fwp%2Fv2%2Fcomments&post=4571"}],"version-history":[{"count":1,"href":"https:\/\/conurbanodiario.com.ar\/index.php?rest_route=\/wp\/v2\/posts\/4571\/revisions"}],"predecessor-version":[{"id":4573,"href":"https:\/\/conurbanodiario.com.ar\/index.php?rest_route=\/wp\/v2\/posts\/4571\/revisions\/4573"}],"wp:featuredmedia":[{"embeddable":true,"href":"https:\/\/conurbanodiario.com.ar\/index.php?rest_route=\/wp\/v2\/media\/59656"}],"wp:attachment":[{"href":"https:\/\/conurbanodiario.com.ar\/index.php?rest_route=%2Fwp%2Fv2%2Fmedia&parent=4571"}],"wp:term":[{"taxonomy":"category","embeddable":true,"href":"https:\/\/conurbanodiario.com.ar\/index.php?rest_route=%2Fwp%2Fv2%2Fcategories&post=4571"},{"taxonomy":"post_tag","embeddable":true,"href":"https:\/\/conurbanodiario.com.ar\/index.php?rest_route=%2Fwp%2Fv2%2Ftags&post=4571"}],"curies":[{"name":"wp","href":"https:\/\/api.w.org\/{rel}","templated":true}]}}