{"id":4568,"date":"2020-06-10T10:10:09","date_gmt":"2020-06-10T13:10:09","guid":{"rendered":"http:\/\/conurbanodiario.com.ar\/?p=4568"},"modified":"2020-06-10T10:10:10","modified_gmt":"2020-06-10T13:10:10","slug":"nahir-galarza-pidio-a-la-corte-que-anule-la-sentencia-a-prision-perpetua","status":"publish","type":"post","link":"https:\/\/conurbanodiario.com.ar\/?p=4568","title":{"rendered":"NAHIR GALARZA PIDI\u00d3 A LA CORTE QUE ANULE LA SENTENCIA A PRISI\u00d3N PERPETUA"},"content":{"rendered":"\n<p>Nahir Galarza pidi\u00f3 a la Corte Suprema de Justicia de la Naci\u00f3n que anule la sentencia a prisi\u00f3n perpetua que se le impuso por el crimen de Fernando Pastorizzo, cometido en 2017 en la ciudad entrerriana de Gualeguaych\u00fa, por considerar que el fallo viol\u00f3 convenciones internacionales, no cont\u00f3 con una perspectiva de g\u00e9nero y se apart\u00f3 de principios constitucionales.<\/p>\n\n\n\n<p>Fuentes judiciales confirmaron hoy que en el recurso, presentado ayer ante la Corte, el abogado defensor Jos\u00e9 Ostolaza consider\u00f3 que existi\u00f3 \u00abdiscriminaci\u00f3n\u00bb en la investigaci\u00f3n que llev\u00f3 a la condena de Galarza y que existi\u00f3 \u00abarbitrariedad\u00bb por parte de los investigadores.<\/p>\n\n\n\n<p>\u00abLa Corte Interamericana de Derechos Humanos ha se\u00f1alado en diversos precedentes que la investigaci\u00f3n penal en casos de supuestos actos de violencia contra la mujer debe incluir la perspectiva de g\u00e9nero\u00bb, sostuvo en su recurso extraordinario ante la Corte el letrado.<\/p>\n\n\n\n<p>Para la defensa, existi\u00f3 \u00abdiscriminaci\u00f3n en la investigaci\u00f3n por parte de los operadores judiciales hacia Nahir Galarza\u00bb, por lo que corresponde tratar la impugnaci\u00f3n bas\u00e1ndose en \u00abla doctrina de la arbitrariedad de sentencia\u00bb.<\/p>\n\n\n\n<p>\u00abNunca se tuvo en cuenta al momento de juzgar el alcance de los deberes estatales en esta materia\u00bb, se\u00f1al\u00f3 el abogado en referencia a la violencia de g\u00e9nero, y record\u00f3 que \u00abel tribunal del juicio dio por probadas las lesiones hacia Nahir Galarza a trav\u00e9s de elementos objetivos\u00bb.<\/p>\n\n\n\n<p>\u00abSin embargo, expres\u00f3 que no se pod\u00eda dar por acreditado que el autor (de esas lesiones) hab\u00eda sido Pastorizzo, dado que surg\u00eda de los dichos de Galarza y de testigos allegados a la misma como amigos y familiares, obviando los principios que rigen en este tipo de delitos\u00bb, a\u00f1adi\u00f3.<\/p>\n\n\n\n<p>Seg\u00fan el defensor, \u00abla sentencia en crisis pone de manifiesto que carece de fundamentaci\u00f3n l\u00f3gica basada en los hechos de la causa y en la aplicaci\u00f3n del derecho vigente y, por ello, debe ser revocada\u00bb.<\/p>\n\n\n\n<p>Y para argumentar ese pedido se bas\u00f3 en tres fundamentos principales: uno de ellos, el \u00abincumplimiento por parte de la sentencia de las Convenciones internacionales a los que adhiri\u00f3 nuestro pa\u00eds ya que nunca se le permiti\u00f3 a Galarza el acceso a la justicia en un pie de igualdad y sin discriminaci\u00f3n\u00bb.<\/p>\n\n\n\n<p>\u00abLa segunda de las cr\u00edticas es la falta de perspectiva de g\u00e9nero para creer la versi\u00f3n de la v\u00edctima y apartamiento de las constancias de la causa\u00bb y el tercer agravio es el \u00abaparente apartamiento de las constancias de la causa y de los principios constitucionales y convencionales en la materia\u00bb.<\/p>\n\n\n\n<p>Por ello, solicit\u00f3 \u00abexpresamente la anulaci\u00f3n de la sentencia por violaci\u00f3n al debido proceso legal\u00bb e \u00abincumplimiento de los tratados internacionales a los cuales adhiri\u00f3 Argentina\u00bb.<\/p>\n\n\n\n<p>Por su parte, Galarza (21) permanece alojada en la Unidad Penal 6 Concepci\u00f3n Arenal, de Paran\u00e1, donde fue sancionada en un par de ocasiones por problemas de conducta y el mes pasado mantuvo una huelga de hambre luego de que el Supremo Tribunal de Justicia de Entre R\u00edos (Stjer) rechazara su pedido de arresto domiciliario en el marco la emergencia sanitaria por la pandemia de coronavirus.<\/p>\n\n\n\n<p>El mismo Stjer fue el que el 4 de marzo \u00faltimo rechaz\u00f3 otro planteo para que sea impugnada su condena a prisi\u00f3n perpetua por el delito de \u00abhomicidio calificado por ser una persona con la cual manten\u00eda o ha mantenido relaci\u00f3n de pareja\u00bb, lo que motiv\u00f3 que la defensa recurra ahora a la Corte de la Naci\u00f3n.<\/p>\n\n\n\n<p>El crimen de Pastorizzo (20) fue perpetrado entre las 5.10 y 5.15 del viernes 29 de diciembre de 2017, cuando el joven fue encontrado en una calle de Gualeguaych\u00fa con un tiro en la espalda y otro en el pecho, junto a su moto y dos cascos tirados en el suelo.<\/p>\n\n\n\n<p>Inicialmente, al declarar como testigo, la joven dijo que hab\u00eda visto a su ex novio la noche anterior al crimen, aunque ante la sumatoria de indicios en su contra qued\u00f3 detenida y en una segunda declaraci\u00f3n reconoci\u00f3 que lo hab\u00eda matado pero que hab\u00eda sido de manera \u00abaccidental\u00bb.<\/p>\n\n\n\n<p>El 3 de julio de 2018, el Tribunal de Juicio y Apelaciones de Gualeguaych\u00fa la conden\u00f3 por unanimidad a prisi\u00f3n perpetua por considerar que \u00abha quedado destruida la hip\u00f3tesis de la defensa de que los disparos se produjeron de manera involuntaria\u00bb.<\/p>\n\n\n\n<p>Y este fallo fue confirmado en julio de 2019 por la Sala II de la C\u00e1mara de Concordia.<\/p>\n","protected":false},"excerpt":{"rendered":"<p>Nahir Galarza pidi\u00f3 a la Corte Suprema de Justicia de la Naci\u00f3n que anule la&#8230;<\/p>\n","protected":false},"author":1,"featured_media":59656,"comment_status":"open","ping_status":"open","sticky":false,"template":"","format":"standard","meta":{"footnotes":""},"categories":[5],"tags":[],"class_list":["post-4568","post","type-post","status-publish","format-standard","has-post-thumbnail","hentry","category-el-pais"],"_links":{"self":[{"href":"https:\/\/conurbanodiario.com.ar\/index.php?rest_route=\/wp\/v2\/posts\/4568","targetHints":{"allow":["GET"]}}],"collection":[{"href":"https:\/\/conurbanodiario.com.ar\/index.php?rest_route=\/wp\/v2\/posts"}],"about":[{"href":"https:\/\/conurbanodiario.com.ar\/index.php?rest_route=\/wp\/v2\/types\/post"}],"author":[{"embeddable":true,"href":"https:\/\/conurbanodiario.com.ar\/index.php?rest_route=\/wp\/v2\/users\/1"}],"replies":[{"embeddable":true,"href":"https:\/\/conurbanodiario.com.ar\/index.php?rest_route=%2Fwp%2Fv2%2Fcomments&post=4568"}],"version-history":[{"count":1,"href":"https:\/\/conurbanodiario.com.ar\/index.php?rest_route=\/wp\/v2\/posts\/4568\/revisions"}],"predecessor-version":[{"id":4570,"href":"https:\/\/conurbanodiario.com.ar\/index.php?rest_route=\/wp\/v2\/posts\/4568\/revisions\/4570"}],"wp:featuredmedia":[{"embeddable":true,"href":"https:\/\/conurbanodiario.com.ar\/index.php?rest_route=\/wp\/v2\/media\/59656"}],"wp:attachment":[{"href":"https:\/\/conurbanodiario.com.ar\/index.php?rest_route=%2Fwp%2Fv2%2Fmedia&parent=4568"}],"wp:term":[{"taxonomy":"category","embeddable":true,"href":"https:\/\/conurbanodiario.com.ar\/index.php?rest_route=%2Fwp%2Fv2%2Fcategories&post=4568"},{"taxonomy":"post_tag","embeddable":true,"href":"https:\/\/conurbanodiario.com.ar\/index.php?rest_route=%2Fwp%2Fv2%2Ftags&post=4568"}],"curies":[{"name":"wp","href":"https:\/\/api.w.org\/{rel}","templated":true}]}}