{"id":4557,"date":"2020-06-10T03:06:00","date_gmt":"2020-06-10T06:06:00","guid":{"rendered":"http:\/\/conurbanodiario.com.ar\/?p=4557"},"modified":"2020-06-10T02:59:41","modified_gmt":"2020-06-10T05:59:41","slug":"el-obispo-margni-participara-del-coloquio-virtual-sobre-la-escuela-catolica-ante-la-pandemia","status":"publish","type":"post","link":"https:\/\/conurbanodiario.com.ar\/?p=4557","title":{"rendered":"EL OBISPO MARGNI PARTICIPAR\u00c1 DEL COLOQUIO VIRTUAL SOBRE \u00abLA ESCUELA CAT\u00d3LICA ANTE LA PANDEMIA\u00bb"},"content":{"rendered":"\n<p>El Obispo Auxiliar de Quilmes,&nbsp;Marcelo Juli\u00e1n (Maxi) Margni, Vicario de Educaci\u00f3n de la Di\u00f3cesis de Quilmes y licenciado en Teolog\u00eda Pastoral con especializaci\u00f3n en Pastoral Juvenil y Catequ\u00e9tica de la Pontificia Universidad Salesiana, participar\u00e1 el&nbsp;<strong>mi\u00e9rcoles 10 de junio<\/strong>&nbsp;en el coloquio virtual sobre&nbsp;<em>\u201cLa escuela cat\u00f3lica ante la pandemia: los desaf\u00edos de la continuidad pedag\u00f3gica y la sustentabilidad\u201d<\/em>, que organiza la Universidad de San Isidro \u201cDr. Pl\u00e1cido Mar\u00edn\u201d (USI)<\/p>\n\n\n\n<p>Se podr\u00e1 participar del encuentro de manera gratuita a trav\u00e9s del canal de Youtube de la USI (<a href=\"http:\/\/obisquil.mailrelay-iv.com\/newslink\/847574\/253.html\" target=\"_blank\" rel=\"noreferrer noopener\">www.youtube.com\/channel\/UCSZ7ckocEWoXO0erhM1G35g<\/a>)&nbsp;<strong>entre las 18.00 y las 19.30 hs<\/strong>.<\/p>\n\n\n\n<p>Junto al Padre Obispo Margni, expondr\u00e1n el Hermano Mart\u00edn Digilio, religioso lassallano y presidente de la Federaci\u00f3n de Asociaciones Educativas Religiosa de la Argentina (FAERA); la doctora Mar\u00eda Alicia Fueyo, vicepresidenta del Consejo de Educaci\u00f3n Cat\u00f3lica (CEC) de la provincia de Buenos Aires, y el licenciado Rodrigo Mart\u00ednez, presidente de la Junta Regional de Educaci\u00f3n Cat\u00f3lica (JUREC) de la di\u00f3cesis de San Isidro, en un panel que ser\u00e1 moderado por el doctor Jer\u00f3nico Biderman N\u00fa\u00f1ez, vicerrector del Investigaci\u00f3n y Extensi\u00f3n de la USI.<\/p>\n\n\n\n<p>Para participar, se requiere inscripci\u00f3n previa en el formulario&nbsp;<a href=\"http:\/\/obisquil.mailrelay-iv.com\/newslink\/847574\/254.html\" target=\"_blank\" rel=\"noreferrer noopener\">bit.ly\/coloquioUSI<\/a><\/p>\n","protected":false},"excerpt":{"rendered":"<p>El Obispo Auxiliar de Quilmes,&nbsp;Marcelo Juli\u00e1n (Maxi) Margni, Vicario de Educaci\u00f3n de la Di\u00f3cesis de&#8230;<\/p>\n","protected":false},"author":1,"featured_media":59656,"comment_status":"open","ping_status":"open","sticky":false,"template":"","format":"standard","meta":{"footnotes":""},"categories":[3],"tags":[],"class_list":["post-4557","post","type-post","status-publish","format-standard","has-post-thumbnail","hentry","category-informacion-general"],"_links":{"self":[{"href":"https:\/\/conurbanodiario.com.ar\/index.php?rest_route=\/wp\/v2\/posts\/4557","targetHints":{"allow":["GET"]}}],"collection":[{"href":"https:\/\/conurbanodiario.com.ar\/index.php?rest_route=\/wp\/v2\/posts"}],"about":[{"href":"https:\/\/conurbanodiario.com.ar\/index.php?rest_route=\/wp\/v2\/types\/post"}],"author":[{"embeddable":true,"href":"https:\/\/conurbanodiario.com.ar\/index.php?rest_route=\/wp\/v2\/users\/1"}],"replies":[{"embeddable":true,"href":"https:\/\/conurbanodiario.com.ar\/index.php?rest_route=%2Fwp%2Fv2%2Fcomments&post=4557"}],"version-history":[{"count":1,"href":"https:\/\/conurbanodiario.com.ar\/index.php?rest_route=\/wp\/v2\/posts\/4557\/revisions"}],"predecessor-version":[{"id":4559,"href":"https:\/\/conurbanodiario.com.ar\/index.php?rest_route=\/wp\/v2\/posts\/4557\/revisions\/4559"}],"wp:featuredmedia":[{"embeddable":true,"href":"https:\/\/conurbanodiario.com.ar\/index.php?rest_route=\/wp\/v2\/media\/59656"}],"wp:attachment":[{"href":"https:\/\/conurbanodiario.com.ar\/index.php?rest_route=%2Fwp%2Fv2%2Fmedia&parent=4557"}],"wp:term":[{"taxonomy":"category","embeddable":true,"href":"https:\/\/conurbanodiario.com.ar\/index.php?rest_route=%2Fwp%2Fv2%2Fcategories&post=4557"},{"taxonomy":"post_tag","embeddable":true,"href":"https:\/\/conurbanodiario.com.ar\/index.php?rest_route=%2Fwp%2Fv2%2Ftags&post=4557"}],"curies":[{"name":"wp","href":"https:\/\/api.w.org\/{rel}","templated":true}]}}