{"id":4554,"date":"2020-06-10T03:06:00","date_gmt":"2020-06-10T06:06:00","guid":{"rendered":"http:\/\/conurbanodiario.com.ar\/?p=4554"},"modified":"2020-06-10T02:11:25","modified_gmt":"2020-06-10T05:11:25","slug":"covid-19-operativo-de-rastrillaje-en-triangulo-de-don-jose","status":"publish","type":"post","link":"https:\/\/conurbanodiario.com.ar\/?p=4554","title":{"rendered":"COVID-19: OPERATIVO DE RASTRILLAJE EN TRI\u00c1NGULO DE DON JOS\u00c9"},"content":{"rendered":"\n<p>Promotores de salud del Municipio, efectuaron un operativo de detecci\u00f3n de casos sospechosos de Coronavirus, en el barrio Tri\u00e1ngulo de Don Jos\u00e9.<\/p>\n\n\n\n<p>\u201cLa jornada de hoy \u2013por ayer- consisti\u00f3 en hacer un rastrillaje de seis manzanas en total, en b\u00fasqueda de casos sospechosos de COVID-19\u201d, cont\u00f3 Roxana Paredes, Jefa de \u00c1rea de Salud del CIC Don Jos\u00e9. Asimismo, destac\u00f3 el \u201ctremendo trabajo entre Naci\u00f3n, Provincia y Municipio, todos juntos en pos de cuidar la salud de la comunidad\u201d.<\/p>\n\n\n\n<p>Tambi\u00e9n se refiri\u00f3 a la log\u00edstica desplegada durante el d\u00eda: \u201cRealizamos una encuesta casa por casa y controlamos la temperatura\u201d. En este marco, \u201cpreguntamos sobre los s\u00edntomas que tienen que ver con la enfermedad, como tos, fiebre, dificultad respiratoria, p\u00e9rdida de gusto y olfato, contacto con un positivo o posible positivo, de hoy hacia los \u00faltimos 15 d\u00edas\u201d.<\/p>\n\n\n\n<p>Ante la definici\u00f3n de un caso sospechoso, se proced\u00eda al hisopado.<\/p>\n\n\n\n<p>En paralelo, Paredes mencion\u00f3 un cuestionario socio ambiental \u201cpara ver las condiciones de vida y qu\u00e9 podemos reforzar\u201d.<\/p>\n\n\n\n<p>Por otro lado, la Secretar\u00eda de Salud apost\u00f3 un stand de vacunaci\u00f3n para el cumplimiento del calendario y la aplicaci\u00f3n de la dosis antigripal.<\/p>\n\n\n\n<p>Luego de recibir la vacuna contra la influenza, Oscar \u2013vecino del barrio- manifest\u00f3 que \u201caprovech\u00e9 que soy una persona grande; me parece b\u00e1rbaro que vengan ac\u00e1 porque hay personas que lo necesitan\u201d.<\/p>\n","protected":false},"excerpt":{"rendered":"<p>Promotores de salud del Municipio, efectuaron un operativo de detecci\u00f3n de casos sospechosos de Coronavirus,&#8230;<\/p>\n","protected":false},"author":1,"featured_media":59656,"comment_status":"open","ping_status":"open","sticky":false,"template":"","format":"standard","meta":{"footnotes":""},"categories":[31],"tags":[],"class_list":["post-4554","post","type-post","status-publish","format-standard","has-post-thumbnail","hentry","category-salud"],"_links":{"self":[{"href":"https:\/\/conurbanodiario.com.ar\/index.php?rest_route=\/wp\/v2\/posts\/4554","targetHints":{"allow":["GET"]}}],"collection":[{"href":"https:\/\/conurbanodiario.com.ar\/index.php?rest_route=\/wp\/v2\/posts"}],"about":[{"href":"https:\/\/conurbanodiario.com.ar\/index.php?rest_route=\/wp\/v2\/types\/post"}],"author":[{"embeddable":true,"href":"https:\/\/conurbanodiario.com.ar\/index.php?rest_route=\/wp\/v2\/users\/1"}],"replies":[{"embeddable":true,"href":"https:\/\/conurbanodiario.com.ar\/index.php?rest_route=%2Fwp%2Fv2%2Fcomments&post=4554"}],"version-history":[{"count":1,"href":"https:\/\/conurbanodiario.com.ar\/index.php?rest_route=\/wp\/v2\/posts\/4554\/revisions"}],"predecessor-version":[{"id":4556,"href":"https:\/\/conurbanodiario.com.ar\/index.php?rest_route=\/wp\/v2\/posts\/4554\/revisions\/4556"}],"wp:featuredmedia":[{"embeddable":true,"href":"https:\/\/conurbanodiario.com.ar\/index.php?rest_route=\/wp\/v2\/media\/59656"}],"wp:attachment":[{"href":"https:\/\/conurbanodiario.com.ar\/index.php?rest_route=%2Fwp%2Fv2%2Fmedia&parent=4554"}],"wp:term":[{"taxonomy":"category","embeddable":true,"href":"https:\/\/conurbanodiario.com.ar\/index.php?rest_route=%2Fwp%2Fv2%2Fcategories&post=4554"},{"taxonomy":"post_tag","embeddable":true,"href":"https:\/\/conurbanodiario.com.ar\/index.php?rest_route=%2Fwp%2Fv2%2Ftags&post=4554"}],"curies":[{"name":"wp","href":"https:\/\/api.w.org\/{rel}","templated":true}]}}