{"id":4551,"date":"2020-06-10T03:07:00","date_gmt":"2020-06-10T06:07:00","guid":{"rendered":"http:\/\/conurbanodiario.com.ar\/?p=4551"},"modified":"2020-06-10T00:15:51","modified_gmt":"2020-06-10T03:15:51","slug":"hcd-zonificacion-e-interes-municipal-eco-parque-quilmes","status":"publish","type":"post","link":"https:\/\/conurbanodiario.com.ar\/?p=4551","title":{"rendered":"HCD: ZONIFICACI\u00d3N E INTER\u00c9S MUNICIPAL ECO PARQUE QUILMES"},"content":{"rendered":"\n<p>Tras la presentaci\u00f3n oficial del proyecto que permitir\u00e1 la edificaci\u00f3n y el desarrollo del Complejo Socio Ambiental \u201cEco Parque Quilmes\u201d realizado por la intendente municipal Mayra Mendoza, el Concejo Deliberante local se dispuso ayer al mediod\u00eda a declarar de Inter\u00e9s Municipal dicha iniciativa.<\/p>\n\n\n\n<p>El proyecto que cuenta con financiamiento internacional tiene como objetivo principal minimizar la generaci\u00f3n de residuos, la formalizaci\u00f3n de la actividad de recuperaci\u00f3n, la disposici\u00f3n final de los mismos, mejorar los servicios de higiene urbana, promover la separaci\u00f3n en origen y revalorizar los residuos reciclables haciendo parte activa a los vecinos del distrito.<\/p>\n\n\n\n<p>En este sentido el presidente del legislativo local Fabio Ba\u00e9z expres\u00f3, \u201ces una enorme iniciativa para el distrito, se aprob\u00f3 la zonificaci\u00f3n y declarar de inter\u00e9s municipal el Eco Parque, y se introdujo una modificaci\u00f3n al art\u00edculo 2\u00ba de la ordenanza que indica el \u201cuso exclusivo del complejo\u201d,( la zonificaci\u00f3n E, Esparcimiento)\u201d y a\u00f1adi\u00f3, \u201ces una obra que necesita Quilmes, para empezar a cuidar el medio ambiente con mucha m\u00e1s seriedad, vamos a poder articular muchas pol\u00edticas que hoy no se est\u00e1n llevando adelante en nuestro distrito, como es la gesti\u00f3n de residuos de forma sustentable y eficiente\u201d.<\/p>\n\n\n\n<p>Pedido de Informes<\/p>\n\n\n\n<p>Ante la actual situaci\u00f3n que atraviesa nuestro pa\u00eds a partir de la pandemia por COVID-19, ediles del arco opositor presentaron un pedido de informes que ser\u00e1 girado al Departamento Ejecutivo, donde se solicita se indique la cantidad de casos sospechosos, cantidad de casos positivos por barrio, tipo de tratamiento y ayuda brindada al n\u00facleo de contacto estrecho con el afectado por el virus, cantidad de hisopados realizados en los barrios Azul e Itat\u00ed, y acciones que se llevan a cabo para la contenci\u00f3n alimentaria, m\u00e9dica y psicol\u00f3gica de la poblaci\u00f3n afectada, entre otros temas vinculados.<\/p>\n\n\n\n<p>Dado el debate en el recinto, sobre Azul e Itat\u00ed, fue el titular del Cuerpo quien pidi\u00f3 la palabra, \u201cped\u00ed permiso, es algo inusual no habitual, pero consider\u00e9 que ameritaba explayarme sobre un tema que conozco, son barrios que he caminado mucho, fue una reflexi\u00f3n, una invitaci\u00f3n a que podamos constituirnos en un cuerpo legislativo compacto, donde podamos llevar herramientas que ayuden a transformar nuestra ciudad\u201d, sostuvo Ba\u00e9z y agreg\u00f3, \u201cy s\u00ed pedirle disculpas a los vecinos, tanto del Barrio Azul como de Villa Itat\u00ed, como otros tantos barrios, porque creo que es una deuda que tenemos desde la pol\u00edtica\u201d.<\/p>\n\n\n\n<p>Encontramos una barriada sufrida<\/p>\n\n\n\n<p>Asimismo Ba\u00e9z afirm\u00f3, \u201cno nos tenemos que mirar unos a otros; debemos empezar a trabajar as\u00ed como lo dijo nuestro Presidente, nuestro Gobernador, y nuestra Intendenta. Llegamos a esos barrios porque hoy el coronavirus nos azot\u00f3, encontramos una barriada sufrida de muchos a\u00f1os con muchas carencias, a lo que digo que hist\u00f3ricamente la pol\u00edtica le debe\u201d.<\/p>\n\n\n\n<p>\u201cTenemos que empezar a trabajar en un proyecto en serio, que les d\u00e9 agua potable, la vivienda como corresponde para que no vivan hacinados, en eso encontramos hoy a un gobierno provincial muy activo a la hora de estar sobre los problemas junto al gobierno nacional. Y a una Intendenta que est\u00e1 encima de los barrios, en el problema. Quiz\u00e1s estemos acostumbrados a intendentes que derivaban algunas acciones; nuestra Intendenta se pone al hombro cada problema que pueda haber en nuestro distrito, como tiene que ser\u201d, sostuvo.<\/p>\n\n\n\n<p>Estamos para cambiarle la realidad a la gente<\/p>\n\n\n\n<p>En este contexto Ba\u00e9z dijo adem\u00e1s, \u201cnosotros como cuerpo legislativo y como militantes, porque primero somos militantes, desde mi lugar ped\u00ed la palabra y trat\u00e9 de decir lo que siento como militante peronista, creo que debemos dar una respuesta a esos barrios, nosotros lo tenemos que hacer en nuestro gobierno. Debemos generar los proyectos y sumar a todos, y en este caso los concejales del bloque opositor tomaron de muy buena manera las palabras, porque fueron con el mayor de los respetos y los invit\u00e9 a que seamos parte de la historia de transformar Quilmes, legislando para que nuestra ciudad cambie\u201d.<\/p>\n\n\n\n<p>\u201cAs\u00ed como fuimos capaces de funcionar de manera remota, tambi\u00e9n tenemos que ser capaces de cambiarle la vida a mucha gente, demostremos que estamos a la expectativa de lo que pasa en los barrios, a algunos concejales invitarlos a caminar mucho m\u00e1s los barrios, mostrando que estamos para cambiarles la realidad y encontrar el punto donde nuestra tarea le sirva a la gente, no a nosotros\u201d.<\/p>\n\n\n\n<p>Reconocimiento a las compa\u00f1eras<\/p>\n\n\n\n<p>Finalmente Ba\u00e9z agradeci\u00f3 a \u201cesa gente invisible, que son nuestras compa\u00f1eras que mantienen una copa de leche, un merendero, un lugar donde se sirve y distribuye comida, como lo est\u00e1n haciendo hoy por un caso excepcional pero no nos olvidemos que lo vienen haciendo hace a\u00f1os.<\/p>\n\n\n\n<p>Esa gente tiene que tener un reconocimiento. Yo quiero impulsar desde el Concejo Deliberante hacerles un reconocimiento p\u00fablico en nuestro recinto, una vez que pase la pandemia, a cada uno de esos actores que muchas veces son las caras de esos barrios, esas personas que los chicos recuerdan que les daban un plato de comida y a quienes respetan\u201d.<\/p>\n\n\n\n<p>Licencias<\/p>\n\n\n\n<p>Fueron aprobadas las licencias solicitadas por los concejales \u00c1ngel Garc\u00eda y Mario Lozano quienes actualmente se desempe\u00f1an como secretario de Servicios P\u00fablicos y secretario de Educaci\u00f3n, Cultura y Deportes respectivamente. Las licencias ser\u00e1n extendidas hasta el 31 de diciembre de 2020.<\/p>\n","protected":false},"excerpt":{"rendered":"<p>Tras la presentaci\u00f3n oficial del proyecto que permitir\u00e1 la edificaci\u00f3n y el desarrollo del Complejo&#8230;<\/p>\n","protected":false},"author":1,"featured_media":59656,"comment_status":"open","ping_status":"open","sticky":false,"template":"","format":"standard","meta":{"footnotes":""},"categories":[35],"tags":[],"class_list":["post-4551","post","type-post","status-publish","format-standard","has-post-thumbnail","hentry","category-politica"],"_links":{"self":[{"href":"https:\/\/conurbanodiario.com.ar\/index.php?rest_route=\/wp\/v2\/posts\/4551","targetHints":{"allow":["GET"]}}],"collection":[{"href":"https:\/\/conurbanodiario.com.ar\/index.php?rest_route=\/wp\/v2\/posts"}],"about":[{"href":"https:\/\/conurbanodiario.com.ar\/index.php?rest_route=\/wp\/v2\/types\/post"}],"author":[{"embeddable":true,"href":"https:\/\/conurbanodiario.com.ar\/index.php?rest_route=\/wp\/v2\/users\/1"}],"replies":[{"embeddable":true,"href":"https:\/\/conurbanodiario.com.ar\/index.php?rest_route=%2Fwp%2Fv2%2Fcomments&post=4551"}],"version-history":[{"count":1,"href":"https:\/\/conurbanodiario.com.ar\/index.php?rest_route=\/wp\/v2\/posts\/4551\/revisions"}],"predecessor-version":[{"id":4553,"href":"https:\/\/conurbanodiario.com.ar\/index.php?rest_route=\/wp\/v2\/posts\/4551\/revisions\/4553"}],"wp:featuredmedia":[{"embeddable":true,"href":"https:\/\/conurbanodiario.com.ar\/index.php?rest_route=\/wp\/v2\/media\/59656"}],"wp:attachment":[{"href":"https:\/\/conurbanodiario.com.ar\/index.php?rest_route=%2Fwp%2Fv2%2Fmedia&parent=4551"}],"wp:term":[{"taxonomy":"category","embeddable":true,"href":"https:\/\/conurbanodiario.com.ar\/index.php?rest_route=%2Fwp%2Fv2%2Fcategories&post=4551"},{"taxonomy":"post_tag","embeddable":true,"href":"https:\/\/conurbanodiario.com.ar\/index.php?rest_route=%2Fwp%2Fv2%2Ftags&post=4551"}],"curies":[{"name":"wp","href":"https:\/\/api.w.org\/{rel}","templated":true}]}}