{"id":4538,"date":"2020-06-10T03:00:00","date_gmt":"2020-06-10T06:00:00","guid":{"rendered":"http:\/\/conurbanodiario.com.ar\/?p=4538"},"modified":"2020-06-12T01:30:01","modified_gmt":"2020-06-12T04:30:01","slug":"denuncian-brote-de-coronavirus-entre-el-personal-de-salud-del-hospital-fiorito","status":"publish","type":"post","link":"https:\/\/conurbanodiario.com.ar\/?p=4538","title":{"rendered":"DENUNCIAN BROTE DE CORONAVIRUS ENTRE EL PERSONAL DE SALUD DEL HOSPITAL FIORITO"},"content":{"rendered":"\n<p>Los y las profesionales de la salud nucleados en la Asociaci\u00f3n Sindical de Profesionales de la Salud de la Provincia de Buenos Aires (CICOP) Seccional Hospital Fiorito de Avellaneda denunciaron que hubo 3 brotes de COVID-19 entre el personal de Salud de dicho nosocomio.<br>\u00a0<br>El presidente de CICOP Seccional Fiorito, An\u00edbal Aristiz\u00e1bal, puntualiz\u00f3 que los nuevos casos aparecieron\u00a0<em>\u201cuno en el sector de Guardia de pacientes no COVID-19, otro en Gastroenterolog\u00eda y en la actualidad hay un brote entre el personal de la Maternidad con 6 profesionales positivos y 2 en estudio\u201d<\/em>.<br>\u00a0<br><em>\u201cVenimos viendo con gran preocupaci\u00f3n el alto n\u00famero de contagios entre nuestros compa\u00f1eros\u201d<\/em>, advirti\u00f3 Aristiz\u00e1bal.<br>\u00a0<br><em>\u201cLa falta de cuidado hacia el personal por parte de las autoridades, el mal uso de los Equipos de Protecci\u00f3n Personal (EPP) y un manejo epidemiol\u00f3gico inadecuado ante los casos de compa\u00f1eros infectados, son claras demostraciones de la cr\u00edtica situaci\u00f3n que estamos atravesando\u201d<\/em>, agreg\u00f3.<br>\u00a0<br>Este mi\u00e9rcoles 10 de junio, los profesionales de la salud, que hoy sufren el impacto de la pandemia en forma directa, realizar\u00e1n una Jornada Nacional de Lucha.\u00a0<em>\u201cEn ese contexto, llevaremos adelante a las 10 hs un aplausazo en la puerta del Hospital Fiorito con una suelta de globos en conmemoraci\u00f3n a los profesionales de la salud fallecidos durante la pandemia de coronavirus\u201d<\/em>, explic\u00f3 Aristiz\u00e1bal.<br>\u00a0<br><em>\u201cLa actividad ser\u00e1 concreta y tendr\u00e1 una duraci\u00f3n de 10 minutos, respetando todas las medidas de distanciamiento social. La misma tiene por objetivo reiterar nuestro pliego de reclamos por equipos de protecci\u00f3n adecuados y suficientes, incorporaci\u00f3n de personal, licencias para los grupos de riesgo, bono para todos los profesionales y reapertura de paritarias\u201d<\/em>, concluy\u00f3.<\/p>\n","protected":false},"excerpt":{"rendered":"<p>Los y las profesionales de la salud nucleados en la Asociaci\u00f3n Sindical de Profesionales de&#8230;<\/p>\n","protected":false},"author":1,"featured_media":59656,"comment_status":"open","ping_status":"open","sticky":false,"template":"","format":"standard","meta":{"footnotes":""},"categories":[31],"tags":[],"class_list":["post-4538","post","type-post","status-publish","format-standard","has-post-thumbnail","hentry","category-salud"],"_links":{"self":[{"href":"https:\/\/conurbanodiario.com.ar\/index.php?rest_route=\/wp\/v2\/posts\/4538","targetHints":{"allow":["GET"]}}],"collection":[{"href":"https:\/\/conurbanodiario.com.ar\/index.php?rest_route=\/wp\/v2\/posts"}],"about":[{"href":"https:\/\/conurbanodiario.com.ar\/index.php?rest_route=\/wp\/v2\/types\/post"}],"author":[{"embeddable":true,"href":"https:\/\/conurbanodiario.com.ar\/index.php?rest_route=\/wp\/v2\/users\/1"}],"replies":[{"embeddable":true,"href":"https:\/\/conurbanodiario.com.ar\/index.php?rest_route=%2Fwp%2Fv2%2Fcomments&post=4538"}],"version-history":[{"count":1,"href":"https:\/\/conurbanodiario.com.ar\/index.php?rest_route=\/wp\/v2\/posts\/4538\/revisions"}],"predecessor-version":[{"id":4539,"href":"https:\/\/conurbanodiario.com.ar\/index.php?rest_route=\/wp\/v2\/posts\/4538\/revisions\/4539"}],"wp:featuredmedia":[{"embeddable":true,"href":"https:\/\/conurbanodiario.com.ar\/index.php?rest_route=\/wp\/v2\/media\/59656"}],"wp:attachment":[{"href":"https:\/\/conurbanodiario.com.ar\/index.php?rest_route=%2Fwp%2Fv2%2Fmedia&parent=4538"}],"wp:term":[{"taxonomy":"category","embeddable":true,"href":"https:\/\/conurbanodiario.com.ar\/index.php?rest_route=%2Fwp%2Fv2%2Fcategories&post=4538"},{"taxonomy":"post_tag","embeddable":true,"href":"https:\/\/conurbanodiario.com.ar\/index.php?rest_route=%2Fwp%2Fv2%2Ftags&post=4538"}],"curies":[{"name":"wp","href":"https:\/\/api.w.org\/{rel}","templated":true}]}}