{"id":4522,"date":"2020-06-09T07:43:37","date_gmt":"2020-06-09T10:43:37","guid":{"rendered":"http:\/\/conurbanodiario.com.ar\/?p=4522"},"modified":"2020-06-09T07:43:38","modified_gmt":"2020-06-09T10:43:38","slug":"kreplak-si-seguimos-con-medidas-de-apertura-van-a-aumentar-los-casos","status":"publish","type":"post","link":"https:\/\/conurbanodiario.com.ar\/?p=4522","title":{"rendered":"KREPLAK: \u00abSI SEGUIMOS CON MEDIDAS DE APERTURA, VAN A AUMENTAR LOS CASOS\u00bb"},"content":{"rendered":"\n<p>El viceministro de Salud de la provincia de Buenos Aires, Nicol\u00e1s Kreplak, dijo que si se contin\u00faa con medidas de apertura en los distritos \u00abvan a aumentar los casos\u00bb de coronavirus, y destac\u00f3 que \u00abdesde el punto de vista sanitarista, si no baja la cantidad de casos, abrir no tiene sentido\u00bb.<\/p>\n\n\n\n<p>\u00abNo es que la pandemia tiene un pico, los picos se producen cuando empiezan a bajar los casos, as\u00ed que todav\u00eda estamos subiendo, la curva no es demasiado vertiginosa, pero consistentemente siguen los casos\u00bb destac\u00f3 el funcionario, que resalt\u00f3 que \u00abno sabemos todav\u00eda cu\u00e1l va a ser el pico\u00bb.<\/p>\n\n\n\n<p>En declaraciones a radio La Red, destac\u00f3 la importancia de que la curva de contagios empiece a descender y que el \u00edndice de multiplicidad sea menor que 1.<\/p>\n\n\n\n<p>En ese sentido indic\u00f3 que \u00abhay varias hip\u00f3tesis que indican que para septiembre mejora la situaci\u00f3n\u00bb, al ser consultado sobre cu\u00e1ndo llegar\u00eda la nueva normalidad en el AMBA.<\/p>\n\n\n\n<p>\u00abEl \u00edndice R0 me dice de cada persona contagiada cu\u00e1ntas personas contagia. Si el \u00edndice sigue estando arriba de uno, la curva de contagios siempre est\u00e1 creciendo.Seguiremos en cuarentena hasta que el \u00edndice R est\u00e9 por debajo de 1\u00bb, resalt\u00f3.<\/p>\n\n\n\n<p>Luego, afirm\u00f3 que las semanas 25 y 27 de la cuarentena ser\u00e1n las m\u00e1s fr\u00edas por lo que \u00abno ser\u00eda raro que se llegue a una mayor cantidad de casos\u00bb.<\/p>\n\n\n\n<p>Al ser consultado si las medidas de apertura que adopt\u00f3 el gobierno de la Ciudad Aut\u00f3noma de Buenos Aires eran contraproducentes para mitigar los efectos de la pandemia, respondi\u00f3: \u00abesas medidas fueron tomadas en conjunto con Naci\u00f3n. Cada distrito tiene sus particularidades e idiosincrasias diferentes\u00bb.<\/p>\n\n\n\n<p>\u00abHacer footing a la noche no hace diferencia desde el punto de vista epidemiol\u00f3gico. Y son territorios distintos\u00bb, concluy\u00f3.<\/p>\n","protected":false},"excerpt":{"rendered":"<p>El viceministro de Salud de la provincia de Buenos Aires, Nicol\u00e1s Kreplak, dijo que si&#8230;<\/p>\n","protected":false},"author":1,"featured_media":59656,"comment_status":"open","ping_status":"open","sticky":false,"template":"","format":"standard","meta":{"footnotes":""},"categories":[28],"tags":[],"class_list":["post-4522","post","type-post","status-publish","format-standard","has-post-thumbnail","hentry","category-la-provincia"],"_links":{"self":[{"href":"https:\/\/conurbanodiario.com.ar\/index.php?rest_route=\/wp\/v2\/posts\/4522","targetHints":{"allow":["GET"]}}],"collection":[{"href":"https:\/\/conurbanodiario.com.ar\/index.php?rest_route=\/wp\/v2\/posts"}],"about":[{"href":"https:\/\/conurbanodiario.com.ar\/index.php?rest_route=\/wp\/v2\/types\/post"}],"author":[{"embeddable":true,"href":"https:\/\/conurbanodiario.com.ar\/index.php?rest_route=\/wp\/v2\/users\/1"}],"replies":[{"embeddable":true,"href":"https:\/\/conurbanodiario.com.ar\/index.php?rest_route=%2Fwp%2Fv2%2Fcomments&post=4522"}],"version-history":[{"count":1,"href":"https:\/\/conurbanodiario.com.ar\/index.php?rest_route=\/wp\/v2\/posts\/4522\/revisions"}],"predecessor-version":[{"id":4524,"href":"https:\/\/conurbanodiario.com.ar\/index.php?rest_route=\/wp\/v2\/posts\/4522\/revisions\/4524"}],"wp:featuredmedia":[{"embeddable":true,"href":"https:\/\/conurbanodiario.com.ar\/index.php?rest_route=\/wp\/v2\/media\/59656"}],"wp:attachment":[{"href":"https:\/\/conurbanodiario.com.ar\/index.php?rest_route=%2Fwp%2Fv2%2Fmedia&parent=4522"}],"wp:term":[{"taxonomy":"category","embeddable":true,"href":"https:\/\/conurbanodiario.com.ar\/index.php?rest_route=%2Fwp%2Fv2%2Fcategories&post=4522"},{"taxonomy":"post_tag","embeddable":true,"href":"https:\/\/conurbanodiario.com.ar\/index.php?rest_route=%2Fwp%2Fv2%2Ftags&post=4522"}],"curies":[{"name":"wp","href":"https:\/\/api.w.org\/{rel}","templated":true}]}}