{"id":4519,"date":"2020-06-09T07:28:03","date_gmt":"2020-06-09T10:28:03","guid":{"rendered":"http:\/\/conurbanodiario.com.ar\/?p=4519"},"modified":"2020-06-09T07:28:04","modified_gmt":"2020-06-09T10:28:04","slug":"casa-por-casa-en-lanus-ya-10-casos-sospechosos-dieron-negativo","status":"publish","type":"post","link":"https:\/\/conurbanodiario.com.ar\/?p=4519","title":{"rendered":"CASA POR CASA EN LAN\u00daS: YA 10 CASOS SOSPECHOSOS DIERON NEGATIVO"},"content":{"rendered":"\n<p>El operativo, que incluye la participaci\u00f3n de las \u00e1reas de Salud, Desarrollo Social y Espacio P\u00fablico, visit\u00f3 los barrios de&nbsp;<strong>Villa Jard\u00edn, Ilasa y el Pueblito en el oeste del distrito y Los Ceibos y Villa Por\u00e1 en el lado este<\/strong>. Se visitaron 648 casas, se relevaron 4937 vecinos y se detectaron un total de 28 casos sospechosos.&nbsp;<\/p>\n\n\n\n<p>\u201c<em>De los 28 casos sospechosos, donde aplicamos el protocolo por coronavirus, ya tenemos los primeros 10 resultados y fueron negativos. A\u00fan estamos a la espera del resto, pero&nbsp;<strong>esto demuestra la importancia de la implementaci\u00f3n de este programa que est\u00e1 dando buenos resultados<\/strong>, tenemos que continuar trabajando en territorio<\/em>\u00ab, expres\u00f3 el secretario de salud local, Gustavo Sieli y agreg\u00f3: \u00ab<em>A la primera conclusi\u00f3n que llegamos es que los casos que hay son aislados y no representan un brote, esto es muy positivo pero no hay que relajarse, esta enfermedad es altamente contagiosa y tenemos que seguir muy de cerca la evoluci\u00f3n de la curva de contagios,&nbsp;<strong>vamos a seguir poniendo especial \u00e9nfasis en estos barrios<\/strong><\/em>\u00ab.&nbsp;<\/p>\n\n\n\n<p><strong>El operativo municipal incluye la prevenci\u00f3n y detecci\u00f3n de &nbsp;casos de Covid-19 por parte de trabajadores de la Salud, aplicaci\u00f3n de vacunas antigripales, recorridas de las cuadrillas de espacio p\u00fablico con tareas de desinfecci\u00f3n y limpieza de calles y veredas, &nbsp;adem\u00e1s de un pormenorizado relevamiento y entrega de mercader\u00eda a familias con bajos recursos efectuadas por la Secretar\u00eda de Desarrollo Social.&nbsp;<\/strong><\/p>\n\n\n\n<p>El primer operativo se realiz\u00f3 en conjunto con el gobierno provincial y nacional en el barrio La Fe de Monte Chingolo hace 3 semanas, se examinaron 4142 personas en m\u00e1s de mil viviendas y se registraron 8 casos sospechosos de los cuales 2 fueron positivos.<\/p>\n","protected":false},"excerpt":{"rendered":"<p>El operativo, que incluye la participaci\u00f3n de las \u00e1reas de Salud, Desarrollo Social y Espacio&#8230;<\/p>\n","protected":false},"author":1,"featured_media":59656,"comment_status":"open","ping_status":"open","sticky":false,"template":"","format":"standard","meta":{"footnotes":""},"categories":[31],"tags":[],"class_list":["post-4519","post","type-post","status-publish","format-standard","has-post-thumbnail","hentry","category-salud"],"_links":{"self":[{"href":"https:\/\/conurbanodiario.com.ar\/index.php?rest_route=\/wp\/v2\/posts\/4519","targetHints":{"allow":["GET"]}}],"collection":[{"href":"https:\/\/conurbanodiario.com.ar\/index.php?rest_route=\/wp\/v2\/posts"}],"about":[{"href":"https:\/\/conurbanodiario.com.ar\/index.php?rest_route=\/wp\/v2\/types\/post"}],"author":[{"embeddable":true,"href":"https:\/\/conurbanodiario.com.ar\/index.php?rest_route=\/wp\/v2\/users\/1"}],"replies":[{"embeddable":true,"href":"https:\/\/conurbanodiario.com.ar\/index.php?rest_route=%2Fwp%2Fv2%2Fcomments&post=4519"}],"version-history":[{"count":1,"href":"https:\/\/conurbanodiario.com.ar\/index.php?rest_route=\/wp\/v2\/posts\/4519\/revisions"}],"predecessor-version":[{"id":4521,"href":"https:\/\/conurbanodiario.com.ar\/index.php?rest_route=\/wp\/v2\/posts\/4519\/revisions\/4521"}],"wp:featuredmedia":[{"embeddable":true,"href":"https:\/\/conurbanodiario.com.ar\/index.php?rest_route=\/wp\/v2\/media\/59656"}],"wp:attachment":[{"href":"https:\/\/conurbanodiario.com.ar\/index.php?rest_route=%2Fwp%2Fv2%2Fmedia&parent=4519"}],"wp:term":[{"taxonomy":"category","embeddable":true,"href":"https:\/\/conurbanodiario.com.ar\/index.php?rest_route=%2Fwp%2Fv2%2Fcategories&post=4519"},{"taxonomy":"post_tag","embeddable":true,"href":"https:\/\/conurbanodiario.com.ar\/index.php?rest_route=%2Fwp%2Fv2%2Ftags&post=4519"}],"curies":[{"name":"wp","href":"https:\/\/api.w.org\/{rel}","templated":true}]}}