{"id":4516,"date":"2020-06-09T07:14:00","date_gmt":"2020-06-09T10:14:00","guid":{"rendered":"http:\/\/conurbanodiario.com.ar\/?p=4516"},"modified":"2020-06-12T01:29:51","modified_gmt":"2020-06-12T04:29:51","slug":"grindetti-inauguro-una-nueva-barrera-sanitaria-en-la-estacion-de-lanus","status":"publish","type":"post","link":"https:\/\/conurbanodiario.com.ar\/?p=4516","title":{"rendered":"GRINDETTI INAUGUR\u00d3 UNA NUEVA BARRERA SANITARIA EN LA ESTACI\u00d3N DE LAN\u00daS"},"content":{"rendered":"\n<p>El intendente, N\u00e9stor Grindetti, supervis\u00f3 el funcionamiento del moderno T\u00fanel de Desinfecci\u00f3n ubicado en la Estaci\u00f3n de Trenes de Lan\u00fas el cual, ejerce una barrera de protecci\u00f3n de alto rendimiento que&nbsp;<strong>destruye el 90 por ciento de los virus, bacterias, hongos y esporas que puedan estar alojadas en el cuerpo o las prendas de vestir.<\/strong><\/p>\n\n\n\n<p>\u201c<em>Estas nuevas barreras sanitarias que estamos implementando tanto en el CAV como en la estaci\u00f3n de trenes&nbsp;<strong>forman parte de una serie de medidas de prevenci\u00f3n que estamos tomando en todo el municipio para combatir el coronavirus<\/strong><\/em>\u00ab, expres\u00f3 Grindetti.&nbsp;&nbsp;<\/p>\n\n\n\n<p>Esta herramienta sanitaria de \u00faltima generaci\u00f3n tiene caracter\u00edsticas similares a la&nbsp;<strong>instalada d\u00edas atr\u00e1s en el Centro de Atenci\u00f3n Vecinal<\/strong>&nbsp;(CAV), por lo cual, tambi\u00e9n cuenta&nbsp;con una fotoc\u00e9lula que emite microgotas de desinfectante al registrar la presencia de personas.<\/p>\n\n\n\n<p>El sistema, -desarrollado y aprobado por el laboratorio Spartan- ya es utilizado por algunos canales de televisi\u00f3n, industrias y comercios por su m\u00e1xima eficacia y \u00e1gil procedimiento: s\u00f3lo basta que los vecinos realicen un giro de 360 grados tanto al entrar como al salir para su activaci\u00f3n.<\/p>\n\n\n\n<p>Estuvieron junto al jefe comunal, el jefe de Gabinete, Diego Kravetz, el secretario de Salud, Gustavo Sieli y el titular del \u00e1rea de Atenci\u00f3n Vecinal, Gustavo \u00c1lvarez.&nbsp;<\/p>\n","protected":false},"excerpt":{"rendered":"<p>El intendente, N\u00e9stor Grindetti, supervis\u00f3 el funcionamiento del moderno T\u00fanel de Desinfecci\u00f3n ubicado en la&#8230;<\/p>\n","protected":false},"author":1,"featured_media":59656,"comment_status":"open","ping_status":"open","sticky":false,"template":"","format":"standard","meta":{"footnotes":""},"categories":[31],"tags":[],"class_list":["post-4516","post","type-post","status-publish","format-standard","has-post-thumbnail","hentry","category-salud"],"_links":{"self":[{"href":"https:\/\/conurbanodiario.com.ar\/index.php?rest_route=\/wp\/v2\/posts\/4516","targetHints":{"allow":["GET"]}}],"collection":[{"href":"https:\/\/conurbanodiario.com.ar\/index.php?rest_route=\/wp\/v2\/posts"}],"about":[{"href":"https:\/\/conurbanodiario.com.ar\/index.php?rest_route=\/wp\/v2\/types\/post"}],"author":[{"embeddable":true,"href":"https:\/\/conurbanodiario.com.ar\/index.php?rest_route=\/wp\/v2\/users\/1"}],"replies":[{"embeddable":true,"href":"https:\/\/conurbanodiario.com.ar\/index.php?rest_route=%2Fwp%2Fv2%2Fcomments&post=4516"}],"version-history":[{"count":1,"href":"https:\/\/conurbanodiario.com.ar\/index.php?rest_route=\/wp\/v2\/posts\/4516\/revisions"}],"predecessor-version":[{"id":4518,"href":"https:\/\/conurbanodiario.com.ar\/index.php?rest_route=\/wp\/v2\/posts\/4516\/revisions\/4518"}],"wp:featuredmedia":[{"embeddable":true,"href":"https:\/\/conurbanodiario.com.ar\/index.php?rest_route=\/wp\/v2\/media\/59656"}],"wp:attachment":[{"href":"https:\/\/conurbanodiario.com.ar\/index.php?rest_route=%2Fwp%2Fv2%2Fmedia&parent=4516"}],"wp:term":[{"taxonomy":"category","embeddable":true,"href":"https:\/\/conurbanodiario.com.ar\/index.php?rest_route=%2Fwp%2Fv2%2Fcategories&post=4516"},{"taxonomy":"post_tag","embeddable":true,"href":"https:\/\/conurbanodiario.com.ar\/index.php?rest_route=%2Fwp%2Fv2%2Ftags&post=4516"}],"curies":[{"name":"wp","href":"https:\/\/api.w.org\/{rel}","templated":true}]}}