{"id":4513,"date":"2020-06-09T06:12:41","date_gmt":"2020-06-09T09:12:41","guid":{"rendered":"http:\/\/conurbanodiario.com.ar\/?p=4513"},"modified":"2020-06-09T06:12:41","modified_gmt":"2020-06-09T09:12:41","slug":"recomendaciones-de-la-municipalidad-de-berazategui-para-cuidar-la-salud-visual-de-grandes-y-chicos","status":"publish","type":"post","link":"https:\/\/conurbanodiario.com.ar\/?p=4513","title":{"rendered":"RECOMENDACIONES DE LA MUNICIPALIDAD DE BERAZATEGUI PARA CUIDAR LA SALUD VISUAL DE GRANDES Y CHICOS"},"content":{"rendered":"\n<p><strong>Teniendo en cuenta que en este contexto de cuarentena las personas pasan una mayor cantidad de horas frente a las pantallas de TV, computadoras y dispositivos m\u00f3viles, la Municipalidad de Berazategui -a trav\u00e9s de su Centro Oftalmol\u00f3gico \u201cSan Camilo\u201d- brinda una serie de consejos para evitar molestias en los ojos y para descansar la vista.<\/strong><\/p>\n\n\n\n<p>En ese sentido, la directora m\u00e9dica de \u201cSan Camilo\u201d, Paula Vergara, afirm\u00f3: \u201cEn momentos donde hay un uso excesivo de pantallas, porque se trabaja y estudia m\u00e1s en casa, hay que saber que esto no hace bien a la vista porque se la fija m\u00e1s y se parpadea menos. Entonces, el ojo no se lubrica bien y se produce picaz\u00f3n, irritaci\u00f3n, dolor de cabeza y sensaci\u00f3n de cuerpo extra\u00f1o, que es bastante molesto, tanto en ni\u00f1os como en adultos\u201d.<\/p>\n\n\n\n<p>Sin embargo, Vergara alert\u00f3: \u201cTodas estas molestias deben mirarse dentro del contexto cl\u00ednico del paciente, porque quiz\u00e1s tienen otras patolog\u00edas que exacerban el ojo seco\u201d.<\/p>\n\n\n\n<p>Ante las dolencias por el abuso en la utilizaci\u00f3n de pantallas, la profesional recomend\u00f3 \u201chacer descansos de 20 minutos a un punto lejano (a unos 6 metros de distancia, por lo menos) y parpadear 20 veces\u201d, y detall\u00f3: \u201cEste procedimiento va a ayudar a lubricar el ojo y evitar la sensaci\u00f3n de ojo seco. El parpadeo hace extender la l\u00e1grima en todo el ojo para que est\u00e9 lubricado y as\u00ed tener menor fatiga visual\u201d.<\/p>\n\n\n\n<p><strong>SAN CAMILO: SOLO URGENCIAS EN CUARENTENA<br><\/strong><br>Durante el aislamiento social, preventivo y obligatorio, el Centro Oftalmol\u00f3gico municipal solo atiende urgencias, de lunes a viernes de 8.00 a 14.00. En el caso de tener que asistir, los pacientes deben hacerlo con tapaboca.<\/p>\n\n\n\n<p><strong>Centro Oftalmol\u00f3gico Municipal \u201cSan Camilo\u201d<br><\/strong><br>Inaugurado en 2008, el Centro Oftalmol\u00f3gico Cl\u00ednico Quir\u00fargico \u201cSan Camilo\u201d se encuentra ubicado en Avenida 14, entre 131 y 132. La atenci\u00f3n es totalmente gratuita para los vecinos del distrito, con o sin obra social.<\/p>\n\n\n\n<p>Dependiente de la Secretar\u00eda de Salud P\u00fablica e Higiene, cuenta con un plantel de excelencia m\u00e9dica, con m\u00e1s de una docena de profesionales que se desempe\u00f1an en 3 consultorios oftalmol\u00f3gicos completos, 2 quir\u00f3fanos, una sala de prequir\u00f3fano y de recuperaci\u00f3n quir\u00fargica, y una de estudios.<\/p>\n","protected":false},"excerpt":{"rendered":"<p>Teniendo en cuenta que en este contexto de cuarentena las personas pasan una mayor cantidad&#8230;<\/p>\n","protected":false},"author":1,"featured_media":59656,"comment_status":"open","ping_status":"open","sticky":false,"template":"","format":"standard","meta":{"footnotes":""},"categories":[31],"tags":[],"class_list":["post-4513","post","type-post","status-publish","format-standard","has-post-thumbnail","hentry","category-salud"],"_links":{"self":[{"href":"https:\/\/conurbanodiario.com.ar\/index.php?rest_route=\/wp\/v2\/posts\/4513","targetHints":{"allow":["GET"]}}],"collection":[{"href":"https:\/\/conurbanodiario.com.ar\/index.php?rest_route=\/wp\/v2\/posts"}],"about":[{"href":"https:\/\/conurbanodiario.com.ar\/index.php?rest_route=\/wp\/v2\/types\/post"}],"author":[{"embeddable":true,"href":"https:\/\/conurbanodiario.com.ar\/index.php?rest_route=\/wp\/v2\/users\/1"}],"replies":[{"embeddable":true,"href":"https:\/\/conurbanodiario.com.ar\/index.php?rest_route=%2Fwp%2Fv2%2Fcomments&post=4513"}],"version-history":[{"count":1,"href":"https:\/\/conurbanodiario.com.ar\/index.php?rest_route=\/wp\/v2\/posts\/4513\/revisions"}],"predecessor-version":[{"id":4515,"href":"https:\/\/conurbanodiario.com.ar\/index.php?rest_route=\/wp\/v2\/posts\/4513\/revisions\/4515"}],"wp:featuredmedia":[{"embeddable":true,"href":"https:\/\/conurbanodiario.com.ar\/index.php?rest_route=\/wp\/v2\/media\/59656"}],"wp:attachment":[{"href":"https:\/\/conurbanodiario.com.ar\/index.php?rest_route=%2Fwp%2Fv2%2Fmedia&parent=4513"}],"wp:term":[{"taxonomy":"category","embeddable":true,"href":"https:\/\/conurbanodiario.com.ar\/index.php?rest_route=%2Fwp%2Fv2%2Fcategories&post=4513"},{"taxonomy":"post_tag","embeddable":true,"href":"https:\/\/conurbanodiario.com.ar\/index.php?rest_route=%2Fwp%2Fv2%2Ftags&post=4513"}],"curies":[{"name":"wp","href":"https:\/\/api.w.org\/{rel}","templated":true}]}}