{"id":4506,"date":"2020-06-09T01:09:00","date_gmt":"2020-06-09T04:09:00","guid":{"rendered":"http:\/\/conurbanodiario.com.ar\/?p=4506"},"modified":"2020-06-09T05:46:13","modified_gmt":"2020-06-09T08:46:13","slug":"coto-desinfectan-la-sucursal-y-los-trabajadores-estaran-aislados-por-14-dias","status":"publish","type":"post","link":"https:\/\/conurbanodiario.com.ar\/?p=4506","title":{"rendered":"COTO: DESINFECTAN LA SUCURSAL Y LOS TRABAJADORES ESTAR\u00c1N AISLADOS POR 14 D\u00cdAS"},"content":{"rendered":"\n<p>Durante la tarde de ayer, en el hipermercado Coto de la avenida Hip\u00f3lito Yrigoyen 380, de Quilmes Centro, se realiz\u00f3 un nuevo operativo conjunto con personal de distintas \u00e1reas del Municipio, a ra\u00edz de los casos positivos de coronavirus que se vienen dando en el establecimiento. Se tom\u00f3 la decisi\u00f3n conjunta de licenciar a todo el personal de la citada sucursal por 14 d\u00edas, para que cumplan con el aislamiento y que ma\u00f1ana, tras ser desinfectado en su totalidad, abra sus puertas con personal que llegar\u00e1 de otras dependencias de la empresa.<\/p>\n\n\n\n<p>Esta decisi\u00f3n fue tomada luego de una reuni\u00f3n que tuvo la Jefa comunal, acompa\u00f1ada el jefe de Gabinete municipal, Alejandro Gandulfo; el secretario de Salud, doctor Jonatan Konfino; la titular de la Agencia de Fiscalizaci\u00f3n y Control Comunal, Alejandra Cordeiro, entre otros funcionarios de las \u00e1reas involucradas; autoridades de la sucursal 65 de Coto; la delegada del Ministerio de Trabajo de la Provincia de Buenos Aires, Laura Gonz\u00e1lez y representantes del Sindicato de Empleados de Comercio.<\/p>\n\n\n\n<p>\u201cTodo el personal de este supermercado se tiene que ir a hacer la cuarentena; todas las personas que trabajan en este supermercado se van a ir a su casa y, con much\u00edsima responsabilidad, sepan que son contacto estrecho de casos confirmados. Por m\u00e1s que se sientan bien, no salgan; porque puede ser peligroso, y as\u00ed poner en riesgo su salud y la de las personas que los rodean\u201d, les manifest\u00f3 Mayra Mendoza a los empleados presentes en la puerta de local.<\/p>\n\n\n\n<p>Mendoza agreg\u00f3 que \u201cesta es una situaci\u00f3n para la que el mundo no estaba preparado, pero de alguna manera tenemos que poder ser conscientes y responsables de nuestros actos para que el virus no se siga propagando\u00bb.<\/p>\n\n\n\n<p>Adem\u00e1s de esto, la Intendenta comunic\u00f3 que el supermercado quedar\u00e1 cerrado desde esta tarde, con el objetivo de llevar adelante trabajos de desinfecci\u00f3n hasta la noche, pero que reabrir\u00e1 ma\u00f1ana y funcionar\u00e1 con personal de otras sucursales.<\/p>\n\n\n\n<p>Cabe destacar que el Municipio viene llevando adelante en los comercios, incluyendo esta sucursal de Coto, distintas acciones de relevamiento de cumplimiento de los protocolos de salud.<\/p>\n","protected":false},"excerpt":{"rendered":"<p>Durante la tarde de ayer, en el hipermercado Coto de la avenida Hip\u00f3lito Yrigoyen 380,&#8230;<\/p>\n","protected":false},"author":1,"featured_media":59656,"comment_status":"open","ping_status":"open","sticky":false,"template":"","format":"standard","meta":{"footnotes":""},"categories":[3],"tags":[],"class_list":["post-4506","post","type-post","status-publish","format-standard","has-post-thumbnail","hentry","category-informacion-general"],"_links":{"self":[{"href":"https:\/\/conurbanodiario.com.ar\/index.php?rest_route=\/wp\/v2\/posts\/4506","targetHints":{"allow":["GET"]}}],"collection":[{"href":"https:\/\/conurbanodiario.com.ar\/index.php?rest_route=\/wp\/v2\/posts"}],"about":[{"href":"https:\/\/conurbanodiario.com.ar\/index.php?rest_route=\/wp\/v2\/types\/post"}],"author":[{"embeddable":true,"href":"https:\/\/conurbanodiario.com.ar\/index.php?rest_route=\/wp\/v2\/users\/1"}],"replies":[{"embeddable":true,"href":"https:\/\/conurbanodiario.com.ar\/index.php?rest_route=%2Fwp%2Fv2%2Fcomments&post=4506"}],"version-history":[{"count":1,"href":"https:\/\/conurbanodiario.com.ar\/index.php?rest_route=\/wp\/v2\/posts\/4506\/revisions"}],"predecessor-version":[{"id":4509,"href":"https:\/\/conurbanodiario.com.ar\/index.php?rest_route=\/wp\/v2\/posts\/4506\/revisions\/4509"}],"wp:featuredmedia":[{"embeddable":true,"href":"https:\/\/conurbanodiario.com.ar\/index.php?rest_route=\/wp\/v2\/media\/59656"}],"wp:attachment":[{"href":"https:\/\/conurbanodiario.com.ar\/index.php?rest_route=%2Fwp%2Fv2%2Fmedia&parent=4506"}],"wp:term":[{"taxonomy":"category","embeddable":true,"href":"https:\/\/conurbanodiario.com.ar\/index.php?rest_route=%2Fwp%2Fv2%2Fcategories&post=4506"},{"taxonomy":"post_tag","embeddable":true,"href":"https:\/\/conurbanodiario.com.ar\/index.php?rest_route=%2Fwp%2Fv2%2Ftags&post=4506"}],"curies":[{"name":"wp","href":"https:\/\/api.w.org\/{rel}","templated":true}]}}