{"id":4503,"date":"2020-06-09T01:00:00","date_gmt":"2020-06-09T04:00:00","guid":{"rendered":"http:\/\/conurbanodiario.com.ar\/?p=4503"},"modified":"2020-08-26T01:54:42","modified_gmt":"2020-08-26T04:54:42","slug":"berazategui-analizo-la-situacion-comercial-junto-a-otros-municipios-del-amba","status":"publish","type":"post","link":"https:\/\/conurbanodiario.com.ar\/?p=4503","title":{"rendered":"BERAZATEGUI ANALIZ\u00d3 LA SITUACI\u00d3N COMERCIAL JUNTO A OTROS MUNICIPIOS DEL AMBA"},"content":{"rendered":"\n<p>En el marco del aislamiento social, preventivo y obligatorio establecido a nivel nacional para evitar la propagaci\u00f3n del Coronavirus (COVID-19), el secretario de Trabajo y Desarrollo Productivo de Berazategui, Juan Manuel Parra, se reuni\u00f3 con representantes de otros municipios del AMBA para evaluar conjuntamente la situaci\u00f3n comercial de estos distritos. Durante el encuentro, que se realiz\u00f3 en el Edificio Municipal con la presencia del Intendente, Juan Jos\u00e9 Mussi, se acord\u00f3 consensuar con el Gobierno provincial la reapertura de nuevos rubros.<\/p>\n\n\n\n<p>\u201cComo venimos haciendo una vez por semana y desde hace aproximadamente un mes, nos hemos reunido con funcionarios y secretarios de Gobierno de 11 diferentes municipios del \u00e1rea metropolitana de la regi\u00f3n sur para analizar nuestra situaci\u00f3n, sobre todo en lo que respecta a la actividad comercial y a la posibilidad de reabrir algunos rubros durante la cuarentena, ya sea a corto o mediano plazo\u201d, explic\u00f3 Parra, quien agreg\u00f3 que las conclusiones ser\u00e1n entregadas al Gobierno bonaerense a trav\u00e9s de una propuesta de protocolo.<\/p>\n\n\n\n<p>En este sentido, el Secretario de Trabajo de la Municipalidad de Berazategui indic\u00f3: \u201cLa idea es evaluar qu\u00e9 nuevas actividades podr\u00edan comenzar a desarrollarse o, por el contrario, cu\u00e1les deber\u00edan restringirse, teniendo en cuenta las recomendaciones realizadas por los epidemi\u00f3logos para evitar los contagios de COVID-19. Porque, si bien en este proyecto hacemos hincapi\u00e9 en la situaci\u00f3n econ\u00f3mica de algunos sectores, es un tema que finalmente resolver\u00e1n los Gobiernos nacional y provincial contemplando la situaci\u00f3n sanitaria y epidemiol\u00f3gica\u201d.<\/p>\n\n\n\n<p>En cuanto a la reuni\u00f3n de esta semana, que por primera vez tuvo como anfitriona a la ciudad de Berazategui, Parra destac\u00f3 que \u201cse analiz\u00f3 la situaci\u00f3n de cada uno de los distritos y se lleg\u00f3 a acuerdos en varios temas\u201d. Esto, seg\u00fan destac\u00f3 el funcionario, se ver\u00e1 reflejado en la nueva propuesta de protocolo, que incluir\u00e1 a diversos rubros, sin mencionar cu\u00e1les para no generar falsas expectativas, teniendo en cuenta que la decisi\u00f3n final depender\u00e1 fundamentalmente de la evoluci\u00f3n de la pandemia.<\/p>\n\n\n\n<p>Del encuentro tambi\u00e9n participaron autoridades de los Municipios de Avellaneda, Almirante Brown, Ca\u00f1uelas, Esteban Echeverr\u00eda, Ezeiza, Florencio Varela, La Matanza, Lomas de Zamora, Presidente Per\u00f3n, Quilmes y San Vicente.<\/p>\n","protected":false},"excerpt":{"rendered":"<p>En el marco del aislamiento social, preventivo y obligatorio establecido a nivel nacional para evitar&#8230;<\/p>\n","protected":false},"author":1,"featured_media":59656,"comment_status":"open","ping_status":"open","sticky":false,"template":"","format":"standard","meta":{"footnotes":""},"categories":[3],"tags":[],"class_list":["post-4503","post","type-post","status-publish","format-standard","has-post-thumbnail","hentry","category-informacion-general"],"_links":{"self":[{"href":"https:\/\/conurbanodiario.com.ar\/index.php?rest_route=\/wp\/v2\/posts\/4503","targetHints":{"allow":["GET"]}}],"collection":[{"href":"https:\/\/conurbanodiario.com.ar\/index.php?rest_route=\/wp\/v2\/posts"}],"about":[{"href":"https:\/\/conurbanodiario.com.ar\/index.php?rest_route=\/wp\/v2\/types\/post"}],"author":[{"embeddable":true,"href":"https:\/\/conurbanodiario.com.ar\/index.php?rest_route=\/wp\/v2\/users\/1"}],"replies":[{"embeddable":true,"href":"https:\/\/conurbanodiario.com.ar\/index.php?rest_route=%2Fwp%2Fv2%2Fcomments&post=4503"}],"version-history":[{"count":1,"href":"https:\/\/conurbanodiario.com.ar\/index.php?rest_route=\/wp\/v2\/posts\/4503\/revisions"}],"predecessor-version":[{"id":4505,"href":"https:\/\/conurbanodiario.com.ar\/index.php?rest_route=\/wp\/v2\/posts\/4503\/revisions\/4505"}],"wp:featuredmedia":[{"embeddable":true,"href":"https:\/\/conurbanodiario.com.ar\/index.php?rest_route=\/wp\/v2\/media\/59656"}],"wp:attachment":[{"href":"https:\/\/conurbanodiario.com.ar\/index.php?rest_route=%2Fwp%2Fv2%2Fmedia&parent=4503"}],"wp:term":[{"taxonomy":"category","embeddable":true,"href":"https:\/\/conurbanodiario.com.ar\/index.php?rest_route=%2Fwp%2Fv2%2Fcategories&post=4503"},{"taxonomy":"post_tag","embeddable":true,"href":"https:\/\/conurbanodiario.com.ar\/index.php?rest_route=%2Fwp%2Fv2%2Ftags&post=4503"}],"curies":[{"name":"wp","href":"https:\/\/api.w.org\/{rel}","templated":true}]}}