{"id":4500,"date":"2020-06-09T01:01:00","date_gmt":"2020-06-09T04:01:00","guid":{"rendered":"http:\/\/conurbanodiario.com.ar\/?p=4500"},"modified":"2020-08-26T01:54:51","modified_gmt":"2020-08-26T04:54:51","slug":"el-secretario-de-derechos-humanos-de-la-nacion-e-integrantes-de-la-onu-de-la-oms-ops-y-unicef-visitaron-villa-azul","status":"publish","type":"post","link":"https:\/\/conurbanodiario.com.ar\/?p=4500","title":{"rendered":"EL SECRETARIO DE DERECHOS HUMANOS DE LA NACI\u00d3N E INTEGRANTES DE LA ONU, DE LA OMS, OPS Y UNICEF VISITARON VILLA AZUL"},"content":{"rendered":"\n<p>El secretario de Derechos Humanos de la Naci\u00f3n, Horacio Pietragalla Corti, junto a una comitiva con representantes de la ONU (Organizaci\u00f3n de las Naciones Unidas), OMS (Organizaci\u00f3n Mundial de la Salud), OPS (Organizaci\u00f3n Panamericana de la Salud) y UNICEF, estuvieron en la Sociedad de Fomento El Progreso, que funciona como centro de distribuci\u00f3n para el armado de los alimentos que se entregan diariamente en Villa Azul, y luego recorrieron una parte del barrio.<\/p>\n\n\n\n<p>La jefa comunal Mayra Mendoza le explic\u00f3 a los presentes el aislamiento sanitario estricto que se estableci\u00f3 en el lugar ante el aumento de casos de COVID-19; la articulaci\u00f3n con la Naci\u00f3n, la Provincia de Buenos Aires y el Municipio de Avellaneda para la asistencia y contenci\u00f3n a los vecinos y vecinas; y que a partir de hoy Azul se encuentra bajo un aislamiento focalizado, tras un trabajo en conjunto con el Comit\u00e9 Operativo de Emergencias (COE), a ra\u00edz de los buenos resultados de las medidas concretadas y de la baja en la tasa de contagios.<\/p>\n\n\n\n<p>\u201cActuamos como deb\u00edamos hacerlo y estamos viendo los resultados. Esto lo hicimos en conjunto con los gobiernos nacional y provincial, la Comuna de Avellaneda y los vecinos y vecinas del barrio. Sabemos que el virus no es culpa de nadie, pero cuidarnos es tarea de todos y todas\u201d, explic\u00f3 la Jefa Comunal, que estuvo acompa\u00f1ada por el senador provincial Emmanuel Gonz\u00e1lez Santalla; el Jefe de gabinete local, Alejandro Gandulfo y la subsecretaria de Pol\u00edtica Integral de Promoci\u00f3n y Protecci\u00f3n de Derechos de Ni\u00f1os, Ni\u00f1as y Adolescentes, Carolina Atencio.<\/p>\n\n\n\n<p>Sobre la necesidad de urbanizar los barrios populares, Mendoza subray\u00f3 que \u201cdebemos plantear que la urbanizaci\u00f3n de los barrios populares en nuestro pa\u00eds, como Villa Azul, sea una pol\u00edtica de estado que trascienda una gesti\u00f3n. Y es muy importante contar con la colaboraci\u00f3n de actores, como todos los que hoy nos acompa\u00f1aron, para seguir proyectando respuestas\u201d.<\/p>\n\n\n\n<p>Por su parte, Pietragalla Corti coment\u00f3: \u00abEl tiempo nos muestra que el trabajo que realizaron en el barrio Villa Azul fue el correcto. Las medidas de control y prevenci\u00f3n frenaron los contagios. La pandemia nos dio una oportunidad para proyectar en el barrio el trabajo junto a agencias internacionales a largo plazo\u00bb.<br>Cabe recordar que tanto el presidente Alberto Fern\u00e1ndez como el gobernador bonaerense Axel Kicillof, tomaron el compromiso de llevar adelante la urbanizaci\u00f3n de Villa Azul. Mendoza y Ferraresi ya participaron de la primera reuni\u00f3n de planificaci\u00f3n con la Ministra de Desarrollo Territorial y H\u00e1bitat de la Naci\u00f3n, Mar\u00eda Eugenia Bielsa. Adem\u00e1s, ambos Jefes comunales mantienen encuentros peri\u00f3dicos de puesta en com\u00fan con el fin de avanzar en los trabajos que transformar\u00e1n la realidad del barrio.<\/p>\n\n\n\n<p>Acompa\u00f1aron la actividad: la subsecretaria de Promoci\u00f3n de Derechos de la Naci\u00f3n, Natalia Barreiro; el director nacional de Equidad \u00c9tnico Racial, Migrantes y Refugiados, Carlos \u00c1lvarez Nazareno; el representante de la Organizaci\u00f3n Panamericana de la Salud\/ Organizaci\u00f3n Mundial de la Salud (OPS\/OMS) Argentina, Maureen &nbsp;Birmingham; Marcelo Vila &#8211; OPS Argentina &#8211; Consultor en VIH, hepatitis, tuberculosis e infecciones de transmisi\u00f3n sexual; el representante residente adjunto del Programa de las Naciones Unidas para el Desarrollo (PNUD), Valent\u00edn Gonz\u00e1lez; y el asociado del programa \u00c1rea Desarrollo Inclusivo del PNUD, Manuel Irizar.<\/p>\n\n\n\n<p>Adem\u00e1s, la coordinadora del programa Mujeres, Paz y Seguridad de la ONU, Delfina Hamilton; el portfolio manager de la Oficina de las Naciones Unidas de Servicios para Proyectos (UNOPS), Ignacio Lacasta Casal; el especialista en Protecci\u00f3n de Derechos de UNICEF Argentina, Hern\u00e1n Monath.<\/p>\n","protected":false},"excerpt":{"rendered":"<p>El secretario de Derechos Humanos de la Naci\u00f3n, Horacio Pietragalla Corti, junto a una comitiva&#8230;<\/p>\n","protected":false},"author":1,"featured_media":59656,"comment_status":"open","ping_status":"open","sticky":false,"template":"","format":"standard","meta":{"footnotes":""},"categories":[3],"tags":[],"class_list":["post-4500","post","type-post","status-publish","format-standard","has-post-thumbnail","hentry","category-informacion-general"],"_links":{"self":[{"href":"https:\/\/conurbanodiario.com.ar\/index.php?rest_route=\/wp\/v2\/posts\/4500","targetHints":{"allow":["GET"]}}],"collection":[{"href":"https:\/\/conurbanodiario.com.ar\/index.php?rest_route=\/wp\/v2\/posts"}],"about":[{"href":"https:\/\/conurbanodiario.com.ar\/index.php?rest_route=\/wp\/v2\/types\/post"}],"author":[{"embeddable":true,"href":"https:\/\/conurbanodiario.com.ar\/index.php?rest_route=\/wp\/v2\/users\/1"}],"replies":[{"embeddable":true,"href":"https:\/\/conurbanodiario.com.ar\/index.php?rest_route=%2Fwp%2Fv2%2Fcomments&post=4500"}],"version-history":[{"count":1,"href":"https:\/\/conurbanodiario.com.ar\/index.php?rest_route=\/wp\/v2\/posts\/4500\/revisions"}],"predecessor-version":[{"id":4502,"href":"https:\/\/conurbanodiario.com.ar\/index.php?rest_route=\/wp\/v2\/posts\/4500\/revisions\/4502"}],"wp:featuredmedia":[{"embeddable":true,"href":"https:\/\/conurbanodiario.com.ar\/index.php?rest_route=\/wp\/v2\/media\/59656"}],"wp:attachment":[{"href":"https:\/\/conurbanodiario.com.ar\/index.php?rest_route=%2Fwp%2Fv2%2Fmedia&parent=4500"}],"wp:term":[{"taxonomy":"category","embeddable":true,"href":"https:\/\/conurbanodiario.com.ar\/index.php?rest_route=%2Fwp%2Fv2%2Fcategories&post=4500"},{"taxonomy":"post_tag","embeddable":true,"href":"https:\/\/conurbanodiario.com.ar\/index.php?rest_route=%2Fwp%2Fv2%2Ftags&post=4500"}],"curies":[{"name":"wp","href":"https:\/\/api.w.org\/{rel}","templated":true}]}}