{"id":4497,"date":"2020-06-09T01:05:00","date_gmt":"2020-06-09T04:05:00","guid":{"rendered":"http:\/\/conurbanodiario.com.ar\/?p=4497"},"modified":"2020-06-09T05:16:17","modified_gmt":"2020-06-09T08:16:17","slug":"homenaje-virtual-a-los-martires-del-9-de-junio-de-1956","status":"publish","type":"post","link":"https:\/\/conurbanodiario.com.ar\/?p=4497","title":{"rendered":"HOMENAJE VIRTUAL A LOS M\u00c1RTIRES DEL 9 DE JUNIO DE 1956"},"content":{"rendered":"\n<p><strong>Debido a la emergencia sanitaria de p\u00fablico conocimiento, el acto que se desarrolla cada a\u00f1o en el Cementerio de Ezpeleta, en honor a los militantes fusilados durante el levantamiento de la Resistencia Peronista de 1956, no se llevar\u00e1 a cabo esta vez. Por eso, la Comisi\u00f3n Permanente de Homenaje a Los M\u00e1rtires del \u00ab9 de junio\u201d rendir\u00e1 un homenaje virtual a los asesinados por la revoluci\u00f3n fusiladora encabezada por Pedro Eugenio Aramburu e Isaac Rojas.<\/strong><\/p>\n\n\n\n<p>Es as\u00ed que este martes 9 de junio se emitir\u00e1 el mensaje de la compa\u00f1era intendenta de Quilmes, Mayra Mendoza; y de los compa\u00f1eros intendentes de Berazategui, Juan Jose Mussi (quien adem\u00e1s es el Presidente Honorario de la Comisi\u00f3n); y de Florencio Varela, Andr\u00e9s Watson.<\/p>\n\n\n\n<p>Adem\u00e1s, durante todo el d\u00eda de hoy, en las redes sociales del Partido Justicialista de Quilmes, Berazategui y Florencio Varela, se har\u00e1n publicaciones alusivas a la fecha. Asimismo, desde la Comisi\u00f3n se invita a los compa\u00f1eros a participar de este homenaje virtual a trav\u00e9s de mensajes de adhesi\u00f3n.<\/p>\n\n\n\n<p>Cada 9 de junio se conmemora la p\u00e9rdida de civiles que en 1956 participaron de un levantamiento encabezado por el General Juan Jos\u00e9 Valle, con el objetivo de derrocar a la dictadura gobernante e reinstaurar la democracia en el pa\u00eds.<\/p>\n\n\n\n<p>Como todos los a\u00f1os, la Comisi\u00f3n Permanente de Homenaje a Los M\u00e1rtires del \u00ab9 de junio de 1956\u201d honrar\u00e1 a los militares de la Patria y civiles asesinados por defender la voluntad popular y el legado peronista. En la n\u00f3mina de estos m\u00e1rtires, se encuentran el berazateguense Rom\u00e1n Salasse, y los quilme\u00f1os Dante Hip\u00f3lito Lugo, Aldo Emir Jofr\u00e9 y Miguel \u00c1ngel Mouri\u00f1o. Los restos de estos cuatro militantes peronistas descansan en el mausoleo ubicado en el Cementerio de Ezpeleta.<\/p>\n","protected":false},"excerpt":{"rendered":"<p>Debido a la emergencia sanitaria de p\u00fablico conocimiento, el acto que se desarrolla cada a\u00f1o&#8230;<\/p>\n","protected":false},"author":1,"featured_media":59656,"comment_status":"open","ping_status":"open","sticky":false,"template":"","format":"standard","meta":{"footnotes":""},"categories":[35],"tags":[],"class_list":["post-4497","post","type-post","status-publish","format-standard","has-post-thumbnail","hentry","category-politica"],"_links":{"self":[{"href":"https:\/\/conurbanodiario.com.ar\/index.php?rest_route=\/wp\/v2\/posts\/4497","targetHints":{"allow":["GET"]}}],"collection":[{"href":"https:\/\/conurbanodiario.com.ar\/index.php?rest_route=\/wp\/v2\/posts"}],"about":[{"href":"https:\/\/conurbanodiario.com.ar\/index.php?rest_route=\/wp\/v2\/types\/post"}],"author":[{"embeddable":true,"href":"https:\/\/conurbanodiario.com.ar\/index.php?rest_route=\/wp\/v2\/users\/1"}],"replies":[{"embeddable":true,"href":"https:\/\/conurbanodiario.com.ar\/index.php?rest_route=%2Fwp%2Fv2%2Fcomments&post=4497"}],"version-history":[{"count":1,"href":"https:\/\/conurbanodiario.com.ar\/index.php?rest_route=\/wp\/v2\/posts\/4497\/revisions"}],"predecessor-version":[{"id":4499,"href":"https:\/\/conurbanodiario.com.ar\/index.php?rest_route=\/wp\/v2\/posts\/4497\/revisions\/4499"}],"wp:featuredmedia":[{"embeddable":true,"href":"https:\/\/conurbanodiario.com.ar\/index.php?rest_route=\/wp\/v2\/media\/59656"}],"wp:attachment":[{"href":"https:\/\/conurbanodiario.com.ar\/index.php?rest_route=%2Fwp%2Fv2%2Fmedia&parent=4497"}],"wp:term":[{"taxonomy":"category","embeddable":true,"href":"https:\/\/conurbanodiario.com.ar\/index.php?rest_route=%2Fwp%2Fv2%2Fcategories&post=4497"},{"taxonomy":"post_tag","embeddable":true,"href":"https:\/\/conurbanodiario.com.ar\/index.php?rest_route=%2Fwp%2Fv2%2Ftags&post=4497"}],"curies":[{"name":"wp","href":"https:\/\/api.w.org\/{rel}","templated":true}]}}