{"id":4490,"date":"2020-06-09T01:06:00","date_gmt":"2020-06-09T04:06:00","guid":{"rendered":"http:\/\/conurbanodiario.com.ar\/?p=4490"},"modified":"2020-06-08T20:29:24","modified_gmt":"2020-06-08T23:29:24","slug":"el-gobierno-bonaerense-apunta-al-valor-agregado-para-impulsar-la-produccion-provincial","status":"publish","type":"post","link":"https:\/\/conurbanodiario.com.ar\/?p=4490","title":{"rendered":"EL GOBIERNO BONAERENSE APUNTA AL VALOR AGREGADO PARA IMPULSAR LA PRODUCCI\u00d3N PROVINCIAL"},"content":{"rendered":"\n<p>El subsecretario de Desarrollo Agrario y Calidad Agroalimentaria bonaerense, Cristian Amarilla, destac\u00f3 la importancia de las pol\u00edticas que impulsa el gobierno provincial para mejorar la producci\u00f3n y los proyectos ligados a la innovaci\u00f3n gen\u00e9tica.<\/p>\n\n\n\n<p>\u00abEs importante el trabajo que llevan adelante los municipios para potenciar el desarrollo local y la generaci\u00f3n de empleo. Por eso la articulaci\u00f3n entre el ministerio de Desarrollo Agrario, gobiernos locales y productores es lo que se necesita para generar valor agregado y arraigo en el interior bonaerense\u00bb, indic\u00f3 Amarilla tras una recorrida por los municipios de Coronel Su\u00e1rez y Saavedra-Pigu\u00e9.<\/p>\n\n\n\n<p>El funcionario se reuni\u00f3 con el intendente de Coronel Su\u00e1rez, Ricardo Moccero, y de Saavedra-Pig\u00fc\u00e9, Gustavo Notararigo, con quienes dialog\u00f3 sobre los desaf\u00edos productivos de la regi\u00f3n y la importancia del abastecimiento local de alimentos, y luego mantuvo un encuentro con los equipos t\u00e9cnicos de las Chacras Su\u00e1rez y Carhu\u00e9.<\/p>\n\n\n\n<p>Con los especialistas, se abordaron los planes de trabajo y fortalecimiento de los dise\u00f1os de los experimentos ligados a la innovaci\u00f3n gen\u00e9tica, y la prueba de materiales de ma\u00edz destinado a los medianos productores y agricultores familiares.<\/p>\n\n\n\n<p>El funcionario provincial mantuvo tambi\u00e9n un reuni\u00f3n de trabajo con el rector de la Universidad Provincial del Sudoeste (UPSO), Hern\u00e1n Vigier y el diputado Gabriel Godoy, con quienes analiz\u00f3 los proyectos de desarrollo ligados al sudoeste bonaerense junto con municipios y organizaciones de productores.puerto local, Federico Susbielles, recorri\u00f3 las instalaciones que funcionan bajo estrictos protocolos de seguridad.<\/p>\n","protected":false},"excerpt":{"rendered":"<p>El subsecretario de Desarrollo Agrario y Calidad Agroalimentaria bonaerense, Cristian Amarilla, destac\u00f3 la importancia de&#8230;<\/p>\n","protected":false},"author":1,"featured_media":59656,"comment_status":"open","ping_status":"open","sticky":false,"template":"","format":"standard","meta":{"footnotes":""},"categories":[28],"tags":[],"class_list":["post-4490","post","type-post","status-publish","format-standard","has-post-thumbnail","hentry","category-la-provincia"],"_links":{"self":[{"href":"https:\/\/conurbanodiario.com.ar\/index.php?rest_route=\/wp\/v2\/posts\/4490","targetHints":{"allow":["GET"]}}],"collection":[{"href":"https:\/\/conurbanodiario.com.ar\/index.php?rest_route=\/wp\/v2\/posts"}],"about":[{"href":"https:\/\/conurbanodiario.com.ar\/index.php?rest_route=\/wp\/v2\/types\/post"}],"author":[{"embeddable":true,"href":"https:\/\/conurbanodiario.com.ar\/index.php?rest_route=\/wp\/v2\/users\/1"}],"replies":[{"embeddable":true,"href":"https:\/\/conurbanodiario.com.ar\/index.php?rest_route=%2Fwp%2Fv2%2Fcomments&post=4490"}],"version-history":[{"count":1,"href":"https:\/\/conurbanodiario.com.ar\/index.php?rest_route=\/wp\/v2\/posts\/4490\/revisions"}],"predecessor-version":[{"id":4492,"href":"https:\/\/conurbanodiario.com.ar\/index.php?rest_route=\/wp\/v2\/posts\/4490\/revisions\/4492"}],"wp:featuredmedia":[{"embeddable":true,"href":"https:\/\/conurbanodiario.com.ar\/index.php?rest_route=\/wp\/v2\/media\/59656"}],"wp:attachment":[{"href":"https:\/\/conurbanodiario.com.ar\/index.php?rest_route=%2Fwp%2Fv2%2Fmedia&parent=4490"}],"wp:term":[{"taxonomy":"category","embeddable":true,"href":"https:\/\/conurbanodiario.com.ar\/index.php?rest_route=%2Fwp%2Fv2%2Fcategories&post=4490"},{"taxonomy":"post_tag","embeddable":true,"href":"https:\/\/conurbanodiario.com.ar\/index.php?rest_route=%2Fwp%2Fv2%2Ftags&post=4490"}],"curies":[{"name":"wp","href":"https:\/\/api.w.org\/{rel}","templated":true}]}}