{"id":4484,"date":"2020-06-09T01:07:00","date_gmt":"2020-06-09T04:07:00","guid":{"rendered":"http:\/\/conurbanodiario.com.ar\/?p=4484"},"modified":"2020-06-08T18:44:04","modified_gmt":"2020-06-08T21:44:04","slug":"mayra-mendoza-la-urbanizacion-de-las-villas-tiene-que-ser-una-politica-de-estado","status":"publish","type":"post","link":"https:\/\/conurbanodiario.com.ar\/?p=4484","title":{"rendered":"MAYRA MENDOZA: \u00abLA URBANIZACI\u00d3N DE LAS VILLAS TIENE QUE SER UNA POL\u00cdTICA DE ESTADO\u00bb"},"content":{"rendered":"\n<p>La intendenta de Quilmes, Mayra Mendoza, destac\u00f3 los resultados de la medida implementada en el barrio Villa Azul donde se logr\u00f3 \u201cdetener los contagios. Si no hubi\u00e9semos tomado las medidas que tomamos hoy en lugar de tener 344 casos tendr\u00edamos 3.000\u201d, y resalt\u00f3 que \u201csi realmente nos indigna las villas donde vive la gente hacinada, hay que plantear la urbanizaci\u00f3n de los barrios populares de Argentina y que sea una pol\u00edtica de Estado\u201d.<\/p>\n\n\n\n<p>En este sentido, Mayra Mendoza se\u00f1al\u00f3 que \u201cno puede ser que un solo gobierno se haga cargo de esto. Uno tiene que poder pensar y planificar para construir mil casas como las que se necesitan en el barrio Villa Azul. Pero quiz\u00e1s eso tarda m\u00e1s de lo que dura una gesti\u00f3n, por eso esto tiene que ser una pol\u00edtica m\u00e1s all\u00e1 de los gobiernos y debemos buscar las herramientas que nos permitan concretarla\u201d.<\/p>\n\n\n\n<p>Cabe destacar, que tanto el presidente de la Naci\u00f3n, Alberto Fern\u00e1ndez, como el gobernador de la provincia de Buenos Aires, Axel Kicillof, se comprometieron a llevar adelante la urbanizaci\u00f3n del barrio. \u201cVilla Azul -hab\u00eda asegurado Alberto Fern\u00e1ndez- es el ejemplo m\u00e1s claro de la injusticia. No es posible que haya gente en situaci\u00f3n de hacinamiento, sin cloacas, compartiendo ba\u00f1os, hay que remediar eso que la pandemia dej\u00f3 expuesta\u201d.<\/p>\n\n\n\n<p>Sobre la decisi\u00f3n de terminar con el aislamiento comunitario en el barrio Villa Azul, la Intendenta explic\u00f3 que \u201cnos vemos con la posibilidad de hacer este aislamiento focalizado sobre las familias con casos positivos. Hacemos un control m\u00e1s exhaustivo para que puedan cumplir con la cuarentena\u201d. Esto gracias a la baja tasa de contagios y casos positivos de coronavirus que se produjeron en los \u00faltimos d\u00edas.<\/p>\n\n\n\n<p>A ra\u00edz de la mejora sanitaria registrada en las \u00faltimas dos semanas, los municipios de Quilmes y Avellaneda, en conjunto con los gobiernos nacional y provincial, determinaron el cambio de esa zona compartida por ambas comunas.<\/p>\n","protected":false},"excerpt":{"rendered":"<p>La intendenta de Quilmes, Mayra Mendoza, destac\u00f3 los resultados de la medida implementada en el&#8230;<\/p>\n","protected":false},"author":1,"featured_media":59656,"comment_status":"open","ping_status":"open","sticky":false,"template":"","format":"standard","meta":{"footnotes":""},"categories":[3],"tags":[],"class_list":["post-4484","post","type-post","status-publish","format-standard","has-post-thumbnail","hentry","category-informacion-general"],"_links":{"self":[{"href":"https:\/\/conurbanodiario.com.ar\/index.php?rest_route=\/wp\/v2\/posts\/4484","targetHints":{"allow":["GET"]}}],"collection":[{"href":"https:\/\/conurbanodiario.com.ar\/index.php?rest_route=\/wp\/v2\/posts"}],"about":[{"href":"https:\/\/conurbanodiario.com.ar\/index.php?rest_route=\/wp\/v2\/types\/post"}],"author":[{"embeddable":true,"href":"https:\/\/conurbanodiario.com.ar\/index.php?rest_route=\/wp\/v2\/users\/1"}],"replies":[{"embeddable":true,"href":"https:\/\/conurbanodiario.com.ar\/index.php?rest_route=%2Fwp%2Fv2%2Fcomments&post=4484"}],"version-history":[{"count":1,"href":"https:\/\/conurbanodiario.com.ar\/index.php?rest_route=\/wp\/v2\/posts\/4484\/revisions"}],"predecessor-version":[{"id":4486,"href":"https:\/\/conurbanodiario.com.ar\/index.php?rest_route=\/wp\/v2\/posts\/4484\/revisions\/4486"}],"wp:featuredmedia":[{"embeddable":true,"href":"https:\/\/conurbanodiario.com.ar\/index.php?rest_route=\/wp\/v2\/media\/59656"}],"wp:attachment":[{"href":"https:\/\/conurbanodiario.com.ar\/index.php?rest_route=%2Fwp%2Fv2%2Fmedia&parent=4484"}],"wp:term":[{"taxonomy":"category","embeddable":true,"href":"https:\/\/conurbanodiario.com.ar\/index.php?rest_route=%2Fwp%2Fv2%2Fcategories&post=4484"},{"taxonomy":"post_tag","embeddable":true,"href":"https:\/\/conurbanodiario.com.ar\/index.php?rest_route=%2Fwp%2Fv2%2Ftags&post=4484"}],"curies":[{"name":"wp","href":"https:\/\/api.w.org\/{rel}","templated":true}]}}