{"id":4481,"date":"2020-06-09T01:05:00","date_gmt":"2020-06-09T04:05:00","guid":{"rendered":"http:\/\/conurbanodiario.com.ar\/?p=4481"},"modified":"2020-06-08T18:23:23","modified_gmt":"2020-06-08T21:23:23","slug":"la-diocesis-de-quilmes-presenta-las-conversaciones-sinodales-en-preparacion-al-iii-sinodo-diocesano","status":"publish","type":"post","link":"https:\/\/conurbanodiario.com.ar\/?p=4481","title":{"rendered":"LA DI\u00d3CESIS DE QUILMES PRESENTA LAS \u00abCONVERSACIONES SINODALES\u00bb EN PREPARACI\u00d3N AL III S\u00cdNODO DIOCESANO"},"content":{"rendered":"\n<p>El domingo 07 de junio se inici\u00f3 el ciclo charlas denominado\u00a0<em>\u201cConversaciones Sinodales\u201d<\/em>\u00a0con la participaci\u00f3n del Presb\u00edtero Eduardo de la Serna, Doctor en Teolog\u00eda, en el camino que la Iglesia de Quilmes, Florencio Varela y Berazategui realiza hacia el III S\u00ednodo diocesano que tendr\u00e1 su apertura en 2021.<\/p>\n\n\n\n<p>Dada la suspensi\u00f3n de los encuentros presenciales a causa de la pandemia que atravesamos, quienes iban a animar alguno de los momentos llegan a toda la Di\u00f3cesis de Quilmes a trav\u00e9s de podcast que se difunden por www.youtube.com\/DiocesisQuilmesOficial, www.instagram.com\/DiocesisQuilmes y www.facebook.com\/DiocesisQuilmes, las redes sociales diocesanas, para profundizar e iluminar el camino sinodal.<\/p>\n\n\n\n<p>El Padre de la Serna, reconocido biblista, aporta una visi\u00f3n sobre caminar \u201ccon un o\u00eddo en el Pueblo y otro en el Evangelio\u201d, En esta preparaci\u00f3n que lleva el lema&nbsp;<em>\u201cIglesia de Quilmes: \u00a1camina con la alegr\u00eda del Evangelio!\u201d<\/em>.<\/p>\n\n\n\n<p>Un S\u00ednodo es una asamblea de la Iglesia convocada por el obispo, para todo el pueblo de Dios, con el objetivo de revisar las pr\u00e1cticas y acciones que se hicieron para evangelizar, y las que son necesarias hacer.<\/p>\n","protected":false},"excerpt":{"rendered":"<p>El domingo 07 de junio se inici\u00f3 el ciclo charlas denominado\u00a0\u201cConversaciones Sinodales\u201d\u00a0con la participaci\u00f3n del&#8230;<\/p>\n","protected":false},"author":1,"featured_media":59656,"comment_status":"open","ping_status":"open","sticky":false,"template":"","format":"standard","meta":{"footnotes":""},"categories":[3],"tags":[],"class_list":["post-4481","post","type-post","status-publish","format-standard","has-post-thumbnail","hentry","category-informacion-general"],"_links":{"self":[{"href":"https:\/\/conurbanodiario.com.ar\/index.php?rest_route=\/wp\/v2\/posts\/4481","targetHints":{"allow":["GET"]}}],"collection":[{"href":"https:\/\/conurbanodiario.com.ar\/index.php?rest_route=\/wp\/v2\/posts"}],"about":[{"href":"https:\/\/conurbanodiario.com.ar\/index.php?rest_route=\/wp\/v2\/types\/post"}],"author":[{"embeddable":true,"href":"https:\/\/conurbanodiario.com.ar\/index.php?rest_route=\/wp\/v2\/users\/1"}],"replies":[{"embeddable":true,"href":"https:\/\/conurbanodiario.com.ar\/index.php?rest_route=%2Fwp%2Fv2%2Fcomments&post=4481"}],"version-history":[{"count":1,"href":"https:\/\/conurbanodiario.com.ar\/index.php?rest_route=\/wp\/v2\/posts\/4481\/revisions"}],"predecessor-version":[{"id":4483,"href":"https:\/\/conurbanodiario.com.ar\/index.php?rest_route=\/wp\/v2\/posts\/4481\/revisions\/4483"}],"wp:featuredmedia":[{"embeddable":true,"href":"https:\/\/conurbanodiario.com.ar\/index.php?rest_route=\/wp\/v2\/media\/59656"}],"wp:attachment":[{"href":"https:\/\/conurbanodiario.com.ar\/index.php?rest_route=%2Fwp%2Fv2%2Fmedia&parent=4481"}],"wp:term":[{"taxonomy":"category","embeddable":true,"href":"https:\/\/conurbanodiario.com.ar\/index.php?rest_route=%2Fwp%2Fv2%2Fcategories&post=4481"},{"taxonomy":"post_tag","embeddable":true,"href":"https:\/\/conurbanodiario.com.ar\/index.php?rest_route=%2Fwp%2Fv2%2Ftags&post=4481"}],"curies":[{"name":"wp","href":"https:\/\/api.w.org\/{rel}","templated":true}]}}