{"id":4477,"date":"2020-06-09T01:07:00","date_gmt":"2020-06-09T04:07:00","guid":{"rendered":"http:\/\/conurbanodiario.com.ar\/?p=4477"},"modified":"2020-06-08T17:08:43","modified_gmt":"2020-06-08T20:08:43","slug":"advierten-que-el-49-de-los-inquilinos-tiene-problemas-para-pagar-el-mes-de-junio","status":"publish","type":"post","link":"https:\/\/conurbanodiario.com.ar\/?p=4477","title":{"rendered":"ADVIERTEN QUE EL 49% DE LOS INQUILINOS TIENE PROBLEMAS PARA PAGAR EL MES DE JUNIO"},"content":{"rendered":"\n<p>El 49% de los inquilinos de todo el pa\u00eds tiene problemas para pagar el total del alquiler de junio, de acuerdo con un relevamiento realizado por la organizaci\u00f3n Inquilinos Agrupados (IA).<\/p>\n\n\n\n<p>Este porcentaje es diez puntos menor que el relevado el mes pasado, debido a que la apertura de la cuarentena en varias provincias del pa\u00eds, indic\u00f3 la entidad.<\/p>\n\n\n\n<p>Del relevamiento -que&nbsp;<strong>comprendi\u00f3 a 3.000 inquilinas e inquilinos de todo el pa\u00eds<\/strong>&#8211; surgi\u00f3 que un 68% tiene menos ingresos o dej\u00f3 de percibirlos en el mes de mayo, mientras que el 67% dijo estar endeudado o recibiendo ayuda de alg\u00fan familiar.<\/p>\n\n\n\n<p>\u00abA lo largo de las \u00faltimas tres encuestas nacionales, podemos ver que los efectos de la pandemia persisten y seguir\u00e1n persistiendo, y, por ende, afectar\u00e1n a la econom\u00eda de inquilinas e inquilinos\u00bb, se\u00f1al\u00f3 IA.<\/p>\n\n\n\n<p>Por otra parte, indic\u00f3 que \u00abel incumplimiento del Decreto 320\/20 puede verse cuando observamos que un 44% de nuestro sector relevado pag\u00f3 en efectivo el alquiler, cuando dicha reglamentaci\u00f3n claramente establece que hasta octubre, \u00abel pago de los alquileres debe ser v\u00eda CBU\u00bb.<\/p>\n\n\n\n<p>En este contexto, el presidente de Inquilinos Agrupados, Gervasio Mu\u00f1oz, manifest\u00f3 que \u00abhace cinco a\u00f1os&nbsp;<strong>venimos planteando la necesidad de una ley de alquileres<\/strong>&nbsp;para la Argentina. Es preciso que esta semana se vote la ley en el senado y se extienda el decreto hasta marzo del a\u00f1o que viene\u00bb.<\/p>\n\n\n\n<p>\u00abSomos 9 millones de inquilinos e inquilinas que esperamos alquilar de forma justa\u00bb, subray\u00f3.<\/p>\n","protected":false},"excerpt":{"rendered":"<p>El 49% de los inquilinos de todo el pa\u00eds tiene problemas para pagar el total&#8230;<\/p>\n","protected":false},"author":1,"featured_media":59656,"comment_status":"open","ping_status":"open","sticky":false,"template":"","format":"standard","meta":{"footnotes":""},"categories":[5],"tags":[],"class_list":["post-4477","post","type-post","status-publish","format-standard","has-post-thumbnail","hentry","category-el-pais"],"_links":{"self":[{"href":"https:\/\/conurbanodiario.com.ar\/index.php?rest_route=\/wp\/v2\/posts\/4477","targetHints":{"allow":["GET"]}}],"collection":[{"href":"https:\/\/conurbanodiario.com.ar\/index.php?rest_route=\/wp\/v2\/posts"}],"about":[{"href":"https:\/\/conurbanodiario.com.ar\/index.php?rest_route=\/wp\/v2\/types\/post"}],"author":[{"embeddable":true,"href":"https:\/\/conurbanodiario.com.ar\/index.php?rest_route=\/wp\/v2\/users\/1"}],"replies":[{"embeddable":true,"href":"https:\/\/conurbanodiario.com.ar\/index.php?rest_route=%2Fwp%2Fv2%2Fcomments&post=4477"}],"version-history":[{"count":1,"href":"https:\/\/conurbanodiario.com.ar\/index.php?rest_route=\/wp\/v2\/posts\/4477\/revisions"}],"predecessor-version":[{"id":4479,"href":"https:\/\/conurbanodiario.com.ar\/index.php?rest_route=\/wp\/v2\/posts\/4477\/revisions\/4479"}],"wp:featuredmedia":[{"embeddable":true,"href":"https:\/\/conurbanodiario.com.ar\/index.php?rest_route=\/wp\/v2\/media\/59656"}],"wp:attachment":[{"href":"https:\/\/conurbanodiario.com.ar\/index.php?rest_route=%2Fwp%2Fv2%2Fmedia&parent=4477"}],"wp:term":[{"taxonomy":"category","embeddable":true,"href":"https:\/\/conurbanodiario.com.ar\/index.php?rest_route=%2Fwp%2Fv2%2Fcategories&post=4477"},{"taxonomy":"post_tag","embeddable":true,"href":"https:\/\/conurbanodiario.com.ar\/index.php?rest_route=%2Fwp%2Fv2%2Ftags&post=4477"}],"curies":[{"name":"wp","href":"https:\/\/api.w.org\/{rel}","templated":true}]}}