{"id":4474,"date":"2020-06-08T15:41:32","date_gmt":"2020-06-08T18:41:32","guid":{"rendered":"http:\/\/conurbanodiario.com.ar\/?p=4474"},"modified":"2020-06-08T15:41:32","modified_gmt":"2020-06-08T18:41:32","slug":"presentan-proyecto-clave-para-la-donacion-de-plasma-en-la-provincia","status":"publish","type":"post","link":"https:\/\/conurbanodiario.com.ar\/?p=4474","title":{"rendered":"PRESENTAN PROYECTO CLAVE PARA LA DONACI\u00d3N DE PLASMA EN LA PROVINCIA"},"content":{"rendered":"\n<p>Luis Vivona, senador provincial por el Frente de Todos, present\u00f3 un proyecto de ley con el objetivo de habilitar al Ministerio de Salud bonaerense a instar a los pacientes recuperados de coronavirus a \u201cacercarse a los Centros de Hemoterapia y\/o Bancos de Sangre autorizados para realizar la recolecci\u00f3n de plasma\u201d. Cabe aclarar que esto no se plantea como obligatorio.<\/p>\n\n\n\n<p>Dicha iniciativa apunta a que se concientice sobre la donaci\u00f3n de plasma rico en anticuerpos como m\u00e9todo de tratamiento para pacientes infectados,&nbsp;que ya ascienden a 8.700 en la provincia y a 22.794 en todo el pa\u00eds de acuerdo a los \u00faltimos reportes oficiales.<\/p>\n\n\n\n<p>\u201cDesde que comenz\u00f3 el aislamiento social, preventivo y obligatorio, desde la C\u00e1mara Alta estamos trabajando para dar respuesta a las necesidades de los bonaerenses, esta ley justamente busca ayudar a la recuperaci\u00f3n de los pacientes enfermos\u201d, explic\u00f3 Vivona.<\/p>\n\n\n\n<p>En este sentido, agreg\u00f3 que \u201cen el pa\u00eds se comprob\u00f3 la recuperaci\u00f3n de 26 pacientes sobre un total de 29 que recibieron la donaci\u00f3n de plasma. Hace unos d\u00edas recibimos la muy buena noticia que dos pacientes se recuperaron en el Hospital de Trauma &#8216;Dr. Federico Abete&#8217; en Malvinas Argentinas luego de ser sometidos a este tratamiento\u201d.<\/p>\n\n\n\n<p>\u201cIncluso el ministro de Salud bonaerense, Daniel Goll\u00e1n, est\u00e1 instando a los pacientes recuperados a donar plasma para producir los nuevos tratamientos para pacientes cr\u00edticos que comenzaron a desarrollar los profesionales de la salud\u201d, subray\u00f3.<\/p>\n","protected":false},"excerpt":{"rendered":"<p>Luis Vivona, senador provincial por el Frente de Todos, present\u00f3 un proyecto de ley con&#8230;<\/p>\n","protected":false},"author":1,"featured_media":59656,"comment_status":"open","ping_status":"open","sticky":false,"template":"","format":"standard","meta":{"footnotes":""},"categories":[28],"tags":[],"class_list":["post-4474","post","type-post","status-publish","format-standard","has-post-thumbnail","hentry","category-la-provincia"],"_links":{"self":[{"href":"https:\/\/conurbanodiario.com.ar\/index.php?rest_route=\/wp\/v2\/posts\/4474","targetHints":{"allow":["GET"]}}],"collection":[{"href":"https:\/\/conurbanodiario.com.ar\/index.php?rest_route=\/wp\/v2\/posts"}],"about":[{"href":"https:\/\/conurbanodiario.com.ar\/index.php?rest_route=\/wp\/v2\/types\/post"}],"author":[{"embeddable":true,"href":"https:\/\/conurbanodiario.com.ar\/index.php?rest_route=\/wp\/v2\/users\/1"}],"replies":[{"embeddable":true,"href":"https:\/\/conurbanodiario.com.ar\/index.php?rest_route=%2Fwp%2Fv2%2Fcomments&post=4474"}],"version-history":[{"count":1,"href":"https:\/\/conurbanodiario.com.ar\/index.php?rest_route=\/wp\/v2\/posts\/4474\/revisions"}],"predecessor-version":[{"id":4476,"href":"https:\/\/conurbanodiario.com.ar\/index.php?rest_route=\/wp\/v2\/posts\/4474\/revisions\/4476"}],"wp:featuredmedia":[{"embeddable":true,"href":"https:\/\/conurbanodiario.com.ar\/index.php?rest_route=\/wp\/v2\/media\/59656"}],"wp:attachment":[{"href":"https:\/\/conurbanodiario.com.ar\/index.php?rest_route=%2Fwp%2Fv2%2Fmedia&parent=4474"}],"wp:term":[{"taxonomy":"category","embeddable":true,"href":"https:\/\/conurbanodiario.com.ar\/index.php?rest_route=%2Fwp%2Fv2%2Fcategories&post=4474"},{"taxonomy":"post_tag","embeddable":true,"href":"https:\/\/conurbanodiario.com.ar\/index.php?rest_route=%2Fwp%2Fv2%2Ftags&post=4474"}],"curies":[{"name":"wp","href":"https:\/\/api.w.org\/{rel}","templated":true}]}}