{"id":4465,"date":"2020-06-08T11:32:54","date_gmt":"2020-06-08T14:32:54","guid":{"rendered":"http:\/\/conurbanodiario.com.ar\/?p=4465"},"modified":"2020-06-08T11:58:07","modified_gmt":"2020-06-08T14:58:07","slug":"paulatina-reactivacion-del-sector-comercial-y-profesional-bajo-estrictos-protocolos","status":"publish","type":"post","link":"https:\/\/conurbanodiario.com.ar\/?p=4465","title":{"rendered":"QUILMES: PAULATINA REACTIVACI\u00d3N DEL SECTOR COMERCIAL Y PROFESIONAL BAJO ESTRICTOS PROTOCOLOS"},"content":{"rendered":"\n<p>Por iniciativa de la intendenta de Quilmes, Mayra Mendoza, se conform\u00f3 el Comit\u00e9 de Reapertura Productiva, que tiene por objetivo analizar y desarrollar estrategias de reactivaci\u00f3n del sector comercial, industrial y profesional del municipio. En este marco, el ente comunic\u00f3 las nuevas actividades que podr\u00e1n retomarse, conforme fueran autorizadas por el Gobierno Provincial el pasado viernes 5 de junio, y comunicadas mediante la publicaci\u00f3n en el Bolet\u00edn Oficial de la decisi\u00f3n administrativa N\u00b0 975\/2020.<\/p>\n\n\n\n<p>En ese sentido, es que se habilitar\u00e1n en nuestro distrito las actividades comerciales no esenciales que al momento no contaban con autorizaci\u00f3n, como as\u00ed tambi\u00e9n algunos rubros profesionales (tales como estudios jur\u00eddicos, contables y escriban\u00edas) destac\u00e1ndose que los comercios s\u00f3lo podr\u00e1n trabajar con el sistema de retiro en puerta, sin ingreso de clientes en las instalaciones, respetando un estricto protocolo sanitario, y s\u00f3lo los d\u00edas y horarios permitidos conforme el rubro que desarrolla.<\/p>\n\n\n\n<p>Por otra parte, los comercios deber\u00e1n solicitar su autorizaci\u00f3n de apertura ingresando a la plataforma web del Municipio de Quilmes (quilmes.gov.ar) que en breve estar\u00e1 disponible, y cargando la informaci\u00f3n requerida por el registro de datos.<\/p>\n\n\n\n<p>Al finalizar el tr\u00e1mite online, se otorgar\u00e1 un certificado conteniendo un c\u00f3digo QR el cual deber\u00e1 ser colocado en el frente del local comercial. Este mecanismo de identificaci\u00f3n facilitar\u00e1 las inspecciones llevadas a cabo por el personal de la Agencia de Fiscalizaci\u00f3n y Control Comunal, quienes con s\u00f3lo escanear el certificado podr\u00e1n determinar si el comercio se encuentra funcionando bajo las normativas establecidas.<\/p>\n\n\n\n<p>De este modo, la intendenta Mayra Mendoza podr\u00e1 dar un paulatino y responsable inicio a la actividad comercial, industrial y profesional, atendiendo a los pedidos de estos sectores tan golpeados por la pandemia y a su vez manteniendo las restricciones para la circulaci\u00f3n de personas a fin de evitar la propagaci\u00f3n del virus COVID-19.<\/p>\n","protected":false},"excerpt":{"rendered":"<p>Por iniciativa de la intendenta de Quilmes, Mayra Mendoza, se conform\u00f3 el Comit\u00e9 de Reapertura&#8230;<\/p>\n","protected":false},"author":1,"featured_media":59656,"comment_status":"open","ping_status":"open","sticky":false,"template":"","format":"standard","meta":{"footnotes":""},"categories":[3],"tags":[],"class_list":["post-4465","post","type-post","status-publish","format-standard","has-post-thumbnail","hentry","category-informacion-general"],"_links":{"self":[{"href":"https:\/\/conurbanodiario.com.ar\/index.php?rest_route=\/wp\/v2\/posts\/4465","targetHints":{"allow":["GET"]}}],"collection":[{"href":"https:\/\/conurbanodiario.com.ar\/index.php?rest_route=\/wp\/v2\/posts"}],"about":[{"href":"https:\/\/conurbanodiario.com.ar\/index.php?rest_route=\/wp\/v2\/types\/post"}],"author":[{"embeddable":true,"href":"https:\/\/conurbanodiario.com.ar\/index.php?rest_route=\/wp\/v2\/users\/1"}],"replies":[{"embeddable":true,"href":"https:\/\/conurbanodiario.com.ar\/index.php?rest_route=%2Fwp%2Fv2%2Fcomments&post=4465"}],"version-history":[{"count":2,"href":"https:\/\/conurbanodiario.com.ar\/index.php?rest_route=\/wp\/v2\/posts\/4465\/revisions"}],"predecessor-version":[{"id":4468,"href":"https:\/\/conurbanodiario.com.ar\/index.php?rest_route=\/wp\/v2\/posts\/4465\/revisions\/4468"}],"wp:featuredmedia":[{"embeddable":true,"href":"https:\/\/conurbanodiario.com.ar\/index.php?rest_route=\/wp\/v2\/media\/59656"}],"wp:attachment":[{"href":"https:\/\/conurbanodiario.com.ar\/index.php?rest_route=%2Fwp%2Fv2%2Fmedia&parent=4465"}],"wp:term":[{"taxonomy":"category","embeddable":true,"href":"https:\/\/conurbanodiario.com.ar\/index.php?rest_route=%2Fwp%2Fv2%2Fcategories&post=4465"},{"taxonomy":"post_tag","embeddable":true,"href":"https:\/\/conurbanodiario.com.ar\/index.php?rest_route=%2Fwp%2Fv2%2Ftags&post=4465"}],"curies":[{"name":"wp","href":"https:\/\/api.w.org\/{rel}","templated":true}]}}