{"id":4458,"date":"2020-06-09T01:23:00","date_gmt":"2020-06-09T04:23:00","guid":{"rendered":"http:\/\/conurbanodiario.com.ar\/?p=4458"},"modified":"2020-06-08T01:42:20","modified_gmt":"2020-06-08T04:42:20","slug":"el-indec-dara-a-conocer-el-jueves-los-datos-de-inflacion-de-mayo","status":"publish","type":"post","link":"https:\/\/conurbanodiario.com.ar\/?p=4458","title":{"rendered":"EL INDEC DAR\u00c1 A CONOCER EL JUEVES LOS DATOS DE INFLACI\u00d3N DE MAYO"},"content":{"rendered":"\n<p>El Instituto Nacional de Estad\u00edstica y Censos (Indec) dar\u00e1 a conocer este jueves la evoluci\u00f3n que registr\u00f3 el \u00cdndice de precios al consumidor (IPC) en el mes de mayo.<\/p>\n\n\n\n<p>Seg\u00fan el Relevamiento de Expectativas del Mercado (REM), realizado por el Banco Central, los agentes del mercado financiero estimaron que la inflaci\u00f3n de mayo ascendi\u00f3 al 1,9%.<\/p>\n\n\n\n<p>Los analistas del mercado proyectaron a finales de mayo que la inflaci\u00f3n minorista se ubicar\u00e1 a fin de a\u00f1o en torno al 43,3% interanual, lo que represent\u00f3 una baja de 1,2 puntos porcentuales respecto del nivel estimado a finales de abril, inform\u00f3 el viernes pasado el BCRA.<\/p>\n\n\n\n<p>Asimismo, el economista Mariano Kestelboim, embajador ante el Mercosur, dijo la semana pasada que los datos de desaceleraci\u00f3n en la suba de precios se consolidar\u00e1n con el registro correspondiente a mayo.<\/p>\n\n\n\n<p>\u201cLos registros oficiales del primer mes de cuarentena plena reflejaron una contundente desaceleraci\u00f3n inflacionaria: los \u00edndices de abril fueron de 1,5% (IPC), -1,3% (precios mayoristas) y 0,8% (costo de la construcci\u00f3n), y las mediciones de mayo alternativas al Indec dan cuenta de que volver\u00e1 a estar entre el 1% y el 2%\u201d, se\u00f1al\u00f3 Kestelboim en un an\u00e1lisis de coyuntura.<\/p>\n\n\n\n<p>El economista proyect\u00f3 que \u201clo m\u00e1s probable es un rango inflacionario de entre 34% y 38%\u00bb anual, por debajo de otros pron\u00f3sticos realizados recientemente por bancos y consultoras como el Citibank (que pronostic\u00f3 65% de inflaci\u00f3n para todo 2020), Econom\u00e9trica (62,3%), Ferreres (60%) y Eco Go (58%).<\/p>\n\n\n\n<p>\u00abNo hay forma de que la inflaci\u00f3n pueda acelerarse de esa forma\u201d con congelamientos de combustibles, de alquileres, tarifarios, fuerte ca\u00edda de la demanda y capacidad productiva ociosa, indic\u00f3.<\/p>\n","protected":false},"excerpt":{"rendered":"<p>El Instituto Nacional de Estad\u00edstica y Censos (Indec) dar\u00e1 a conocer este jueves la evoluci\u00f3n&#8230;<\/p>\n","protected":false},"author":1,"featured_media":59656,"comment_status":"open","ping_status":"open","sticky":false,"template":"","format":"standard","meta":{"footnotes":""},"categories":[5],"tags":[],"class_list":["post-4458","post","type-post","status-publish","format-standard","has-post-thumbnail","hentry","category-el-pais"],"_links":{"self":[{"href":"https:\/\/conurbanodiario.com.ar\/index.php?rest_route=\/wp\/v2\/posts\/4458","targetHints":{"allow":["GET"]}}],"collection":[{"href":"https:\/\/conurbanodiario.com.ar\/index.php?rest_route=\/wp\/v2\/posts"}],"about":[{"href":"https:\/\/conurbanodiario.com.ar\/index.php?rest_route=\/wp\/v2\/types\/post"}],"author":[{"embeddable":true,"href":"https:\/\/conurbanodiario.com.ar\/index.php?rest_route=\/wp\/v2\/users\/1"}],"replies":[{"embeddable":true,"href":"https:\/\/conurbanodiario.com.ar\/index.php?rest_route=%2Fwp%2Fv2%2Fcomments&post=4458"}],"version-history":[{"count":1,"href":"https:\/\/conurbanodiario.com.ar\/index.php?rest_route=\/wp\/v2\/posts\/4458\/revisions"}],"predecessor-version":[{"id":4459,"href":"https:\/\/conurbanodiario.com.ar\/index.php?rest_route=\/wp\/v2\/posts\/4458\/revisions\/4459"}],"wp:featuredmedia":[{"embeddable":true,"href":"https:\/\/conurbanodiario.com.ar\/index.php?rest_route=\/wp\/v2\/media\/59656"}],"wp:attachment":[{"href":"https:\/\/conurbanodiario.com.ar\/index.php?rest_route=%2Fwp%2Fv2%2Fmedia&parent=4458"}],"wp:term":[{"taxonomy":"category","embeddable":true,"href":"https:\/\/conurbanodiario.com.ar\/index.php?rest_route=%2Fwp%2Fv2%2Fcategories&post=4458"},{"taxonomy":"post_tag","embeddable":true,"href":"https:\/\/conurbanodiario.com.ar\/index.php?rest_route=%2Fwp%2Fv2%2Ftags&post=4458"}],"curies":[{"name":"wp","href":"https:\/\/api.w.org\/{rel}","templated":true}]}}