{"id":4452,"date":"2020-06-08T01:09:00","date_gmt":"2020-06-08T04:09:00","guid":{"rendered":"http:\/\/conurbanodiario.com.ar\/?p=4452"},"modified":"2020-06-08T00:22:26","modified_gmt":"2020-06-08T03:22:26","slug":"la-suprema-corte-de-buenos-aires-prorrogo-hasta-el-28-de-junio-los-servicios-tecnologicos","status":"publish","type":"post","link":"https:\/\/conurbanodiario.com.ar\/?p=4452","title":{"rendered":"LA SUPREMA CORTE DE BUENOS AIRES PRORROG\u00d3 HASTA EL 28 DE JUNIO LOS SERVICIOS TECNOL\u00d3GICOS"},"content":{"rendered":"\n<p>La Presidencia de la Suprema Corte de Justicia de la Provincia de Buenos Aires decidi\u00f3 prorrogar por la emergencia sanitaria hasta el 28 de junio el servicio sostenido en medios tecnol\u00f3gicos, mientras avanza en la normalizaci\u00f3n de los procesos, inform\u00f3 la p\u00e1gina web del Poder Judicial bonaerense.<\/p>\n\n\n\n<p>\u00abLa Presidencia de la Suprema Corte de Justicia, mediante Resoluci\u00f3n SPL N\u00ba 30\/20, dispuso prorrogar las medidas dispuestas por las resoluciones N\u00ba 480\/20, N\u00ba 535\/20 y N\u00ba 558\/20 sus aclaratorias y complementarias, hasta el d\u00eda 28 junio del presente a\u00f1o inclusive\u00bb, dice el comunicado publicado en la web oficial.<\/p>\n\n\n\n<p>Asimismo, \u00abencomend\u00f3 a las \u00e1reas competentes del Tribunal que el 12 de junio\u00bb pr\u00f3ximo \u00abtengan concluidos y elevados los estudios y adecuaciones necesarios para disponer la ampliaci\u00f3n del inicio de procesos por medios telem\u00e1ticos y la primera etapa de la normalizaci\u00f3n de los servicios correspondientes a los juzgados de paz y los \u00f3rganos jurisdiccionales pertenecientes a las cabeceras departamentales, en ambos supuestos cuando se contare con las autorizaciones pertinentes y se cumplieren los dem\u00e1s requerimientos t\u00e9cnicos establecidos a tales fines\u00bb, agreg\u00f3.<\/p>\n","protected":false},"excerpt":{"rendered":"<p>La Presidencia de la Suprema Corte de Justicia de la Provincia de Buenos Aires decidi\u00f3&#8230;<\/p>\n","protected":false},"author":1,"featured_media":59656,"comment_status":"open","ping_status":"open","sticky":false,"template":"","format":"standard","meta":{"footnotes":""},"categories":[28],"tags":[],"class_list":["post-4452","post","type-post","status-publish","format-standard","has-post-thumbnail","hentry","category-la-provincia"],"_links":{"self":[{"href":"https:\/\/conurbanodiario.com.ar\/index.php?rest_route=\/wp\/v2\/posts\/4452","targetHints":{"allow":["GET"]}}],"collection":[{"href":"https:\/\/conurbanodiario.com.ar\/index.php?rest_route=\/wp\/v2\/posts"}],"about":[{"href":"https:\/\/conurbanodiario.com.ar\/index.php?rest_route=\/wp\/v2\/types\/post"}],"author":[{"embeddable":true,"href":"https:\/\/conurbanodiario.com.ar\/index.php?rest_route=\/wp\/v2\/users\/1"}],"replies":[{"embeddable":true,"href":"https:\/\/conurbanodiario.com.ar\/index.php?rest_route=%2Fwp%2Fv2%2Fcomments&post=4452"}],"version-history":[{"count":1,"href":"https:\/\/conurbanodiario.com.ar\/index.php?rest_route=\/wp\/v2\/posts\/4452\/revisions"}],"predecessor-version":[{"id":4454,"href":"https:\/\/conurbanodiario.com.ar\/index.php?rest_route=\/wp\/v2\/posts\/4452\/revisions\/4454"}],"wp:featuredmedia":[{"embeddable":true,"href":"https:\/\/conurbanodiario.com.ar\/index.php?rest_route=\/wp\/v2\/media\/59656"}],"wp:attachment":[{"href":"https:\/\/conurbanodiario.com.ar\/index.php?rest_route=%2Fwp%2Fv2%2Fmedia&parent=4452"}],"wp:term":[{"taxonomy":"category","embeddable":true,"href":"https:\/\/conurbanodiario.com.ar\/index.php?rest_route=%2Fwp%2Fv2%2Fcategories&post=4452"},{"taxonomy":"post_tag","embeddable":true,"href":"https:\/\/conurbanodiario.com.ar\/index.php?rest_route=%2Fwp%2Fv2%2Ftags&post=4452"}],"curies":[{"name":"wp","href":"https:\/\/api.w.org\/{rel}","templated":true}]}}