{"id":4449,"date":"2020-06-08T01:07:00","date_gmt":"2020-06-08T04:07:00","guid":{"rendered":"http:\/\/conurbanodiario.com.ar\/?p=4449"},"modified":"2020-06-08T00:00:56","modified_gmt":"2020-06-08T03:00:56","slug":"autoridades-de-banfield-alertaron-sobre-la-crisis-que-afectaria-al-club-por-la-pandemia","status":"publish","type":"post","link":"https:\/\/conurbanodiario.com.ar\/?p=4449","title":{"rendered":"AUTORIDADES DE BANFIELD ALERTARON SOBRE LA CRISIS QUE AFECTAR\u00cdA AL CLUB POR LA PANDEMIA"},"content":{"rendered":"\n<p>La presidenta de Banfield Luc\u00eda Barbuto y el vicepresidente primero Oscar Tucker expusieron detalles sobre la crisis que afectar\u00eda al club por causa del coronavirus, que del \u00abpresupuesto de 600 millones de pesos por a\u00f1o\u00bb podr\u00edan llegar \u00abp\u00e9rdidas econ\u00f3micas a 300 millones\u00bb en relaci\u00f3n al conjunto de todas las actividades.<\/p>\n\n\n\n<p>\u00abBanfield tiene un presupuesto de 600 millones de pesos por a\u00f1o, por lo que estimamos que las p\u00e9rdidas econ\u00f3micas podr\u00edan llegar a ser quiz\u00e1s la mitad de su presupuesto, es decir 300 millones de pesos, si esto sigue as\u00ed\u00bb, alert\u00f3 Tucker, junto a la titular de la entidad, a trav\u00e9s de una exposici\u00f3n realizada por sus canales oficiales de comunicaci\u00f3n a los que tuvo acceso T\u00e9lam.<\/p>\n\n\n\n<p>\u00abSe redujeron fuertemente los ingresos de sponsors propios y tambi\u00e9n los de Superliga; la suspensi\u00f3n de la Copa de Superliga -entre otros-, adem\u00e1s de la suspensi\u00f3n del convenio que ten\u00edamos por la Academia de F\u00fatbol Banfield con los jugadores chinos -Beijing Sports University, de China- que ven\u00edan para la segunda etapa, que nos impiden cobrar a lo largo del a\u00f1o 1.100.000 d\u00f3lares\u00bb; detall\u00f3 el vicepresidente.<\/p>\n\n\n\n<p>Las m\u00e1ximas autoridades tambi\u00e9n, abordaron el tema de las deudas que mantienen con el plantel de f\u00fatbol y con los trabajadores, docentes del colegio y profesores deportivos.<\/p>\n\n\n\n<p>\u00abEstamos haciendo un gran esfuerzo para que la mayor\u00eda del plantel tenga regularizados sus salarios. Tenemos algunos saldos pendientes referidos a las primas de los jugadores con salarios m\u00e1s altos. En ese sentido estamos realizando pagos a cuenta con un tope que estipulamos y en las pr\u00f3ximas semanas nos seguiremos sentando uno por uno con esos jugadores y sus representantes para ver c\u00f3mo seguimos en cada caso\u00bb, reconoci\u00f3 Tucker.<\/p>\n\n\n\n<p>A prop\u00f3sito, son nueve los jugadores con los que la dirigencia debe definir la situaci\u00f3n al vencer sus v\u00ednculos el 30 del corriente.<\/p>\n\n\n\n<p>Durante esa fecha concluyen los pr\u00e9stamos del zaguero Luciano Lollo y el volante Mat\u00edas Moya, quienes deben regresar a River y del delantero Junior Arias, a Talleres de C\u00f3rdoba, a la vez que el defensor Renato Civelli dejar\u00eda el f\u00fatbol.<\/p>\n\n\n\n<p>Adem\u00e1s, el centrodelantero Daniel Osvaldo tiene una clausula de salida, pero continuar\u00eda un tiempo m\u00e1s en el conjunto &#8216;albiverde&#8217;.<\/p>\n\n\n\n<p>En tanto quedar\u00edan libres el arquero uruguayo Esteban Conde, los marcadores de punta Rodrigo Arciero y Sebasti\u00e1n Dubarbier y el volante Jon\u00e1s Guti\u00e9rrez. Para la toma de decisiones ser\u00e1 consultada la opini\u00f3n de Javier Sanguinetti quien ser\u00e1 el nuevo t\u00e9cnico del plantel a partir del 1 de julio pr\u00f3ximo.<\/p>\n\n\n\n<p>\u00abTrabajamos para que los empleados est\u00e9n lo m\u00e1s cerca posible al d\u00eda. Podemos tener atrasos originados en la merma de ingresos, pero tratamos de solucionarlos a la brevedad y cualquier empleado que tiene una urgencia siempre estamos para ayudarlo y resolver cada situaci\u00f3n\u00bb, apunt\u00f3 Barbuto.<\/p>\n\n\n\n<p>La presidenta del &#8216;Taladro&#8217;, en otro tramo, subray\u00f3 que \u00abBanfield solicit\u00f3 al igual que el resto de los clubes el ingreso al Programa de Asistencia de Emergencia al Trabajo y la Producci\u00f3n, que en estos d\u00edas fue aprobado\u00bb con lo que esperan \u00abaliviar un poco la dif\u00edcil situaci\u00f3n\u00bb.<\/p>\n\n\n\n<p>Por otra parte, Barbuto refiri\u00f3 que \u00abdesde el comienzo de la cuarentena\u00bb se realizan \u00abdistintas acciones para fortalecer el rol social de la instituci\u00f3n\u00bb. Entre ellas, con Banfield Solidario colaboran \u00aba trav\u00e9s de ollas populares y donaci\u00f3n de ropa con los sectores m\u00e1s vulnerables y con Voluntariado Banfile\u00f1o, socios y socias colaboran con apoyo log\u00edstico para adultos mayores\u00bb, resumi\u00f3<\/p>\n","protected":false},"excerpt":{"rendered":"<p>La presidenta de Banfield Luc\u00eda Barbuto y el vicepresidente primero Oscar Tucker expusieron detalles sobre&#8230;<\/p>\n","protected":false},"author":1,"featured_media":59656,"comment_status":"open","ping_status":"open","sticky":false,"template":"","format":"standard","meta":{"footnotes":""},"categories":[32],"tags":[],"class_list":["post-4449","post","type-post","status-publish","format-standard","has-post-thumbnail","hentry","category-deportes"],"_links":{"self":[{"href":"https:\/\/conurbanodiario.com.ar\/index.php?rest_route=\/wp\/v2\/posts\/4449","targetHints":{"allow":["GET"]}}],"collection":[{"href":"https:\/\/conurbanodiario.com.ar\/index.php?rest_route=\/wp\/v2\/posts"}],"about":[{"href":"https:\/\/conurbanodiario.com.ar\/index.php?rest_route=\/wp\/v2\/types\/post"}],"author":[{"embeddable":true,"href":"https:\/\/conurbanodiario.com.ar\/index.php?rest_route=\/wp\/v2\/users\/1"}],"replies":[{"embeddable":true,"href":"https:\/\/conurbanodiario.com.ar\/index.php?rest_route=%2Fwp%2Fv2%2Fcomments&post=4449"}],"version-history":[{"count":1,"href":"https:\/\/conurbanodiario.com.ar\/index.php?rest_route=\/wp\/v2\/posts\/4449\/revisions"}],"predecessor-version":[{"id":4451,"href":"https:\/\/conurbanodiario.com.ar\/index.php?rest_route=\/wp\/v2\/posts\/4449\/revisions\/4451"}],"wp:featuredmedia":[{"embeddable":true,"href":"https:\/\/conurbanodiario.com.ar\/index.php?rest_route=\/wp\/v2\/media\/59656"}],"wp:attachment":[{"href":"https:\/\/conurbanodiario.com.ar\/index.php?rest_route=%2Fwp%2Fv2%2Fmedia&parent=4449"}],"wp:term":[{"taxonomy":"category","embeddable":true,"href":"https:\/\/conurbanodiario.com.ar\/index.php?rest_route=%2Fwp%2Fv2%2Fcategories&post=4449"},{"taxonomy":"post_tag","embeddable":true,"href":"https:\/\/conurbanodiario.com.ar\/index.php?rest_route=%2Fwp%2Fv2%2Ftags&post=4449"}],"curies":[{"name":"wp","href":"https:\/\/api.w.org\/{rel}","templated":true}]}}