{"id":33566,"date":"2021-12-29T01:07:00","date_gmt":"2021-12-29T04:07:00","guid":{"rendered":"http:\/\/conurbanodiario.com.ar\/?p=33566"},"modified":"2022-01-03T07:01:13","modified_gmt":"2022-01-03T10:01:13","slug":"la-provincia-capacita-a-trabajadores-en-materia-de-lucha-contra-delitos-digitales","status":"publish","type":"post","link":"https:\/\/conurbanodiario.com.ar\/?p=33566","title":{"rendered":"LA PROVINCIA CAPACITA A TRABAJADORES EN MATERIA DE LUCHA CONTRA DELITOS DIGITALES"},"content":{"rendered":"\n<p>Unos 1.900 trabajadores y trabajadoras de organismos municipales y provinciales de los 135 municipios de la provincia de Buenos Aires fueron capacitados en materia de grooming, estafas y violencias por razones de g\u00e9nero en entornos digitales, a partir del programa interministerial Cuidarnos en Red.<\/p>\n\n\n\n<p>Seg\u00fan inform\u00f3 la cartera de Justicia bonaerense, en 2020 se comenz\u00f3 a implementar el programa interministerial de promoci\u00f3n de cuidados personales e interpersonales, de prevenci\u00f3n y de propuestas m\u00faltiples frente a situaciones problem\u00e1ticas y delitos que se producen en los entornos digitales.<\/p>\n\n\n\n<p>En una primera etapa se conformaron tres mesas de gesti\u00f3n de acuerdo a las problem\u00e1ticas que se definieron como prioritarias: ciber estafas, grooming y violencia por razones de g\u00e9nero en entornos digitales.<\/p>\n\n\n\n<p>En ese marco se diagramaron gu\u00edas de actuaci\u00f3n para cada una de las problem\u00e1ticas, destinadas a mejorar las respuestas estatales en relaci\u00f3n al asesoramiento, acompa\u00f1amiento y protecci\u00f3n de las personas v\u00edctimas.<\/p>\n\n\n\n<p>El objetivo de la capacitaci\u00f3n, seg\u00fan se inform\u00f3, fue facilitar y acompa\u00f1ar la implementaci\u00f3n de la Gu\u00eda de Actuaci\u00f3n y mejorar la formaci\u00f3n de los\/las trabajadores\/as con el fin de fortalecer el Estado ante estas nuevas situaciones problem\u00e1ticas.<\/p>\n\n\n\n<p>En ese sentido, se dictaron cuatro ediciones que contaron con la inscripci\u00f3n de 135 trabajadores\/as de 56 municipios.<\/p>\n\n\n\n<p>En cuanto a los organismos que m\u00e1s participaron de esta formaci\u00f3n se encuentran las OMIC (Oficinas Municipales de Informaci\u00f3n al Consumidor), los Centros de Acceso a la Justicia y Centros de Protecci\u00f3n de los Derechos de la V\u00edctima (Cajus\/CPV) y la Defensor\u00eda del Pueblo.<\/p>\n\n\n\n<p>Se trata de las agencias estatales que intervienen directamente cuando ocurre una ciberestafa, tanto en la v\u00eda judicial como en la civil.<\/p>\n\n\n\n<p>A trav\u00e9s de la Mesa Interministerial contra el grooming y el ciberacoso sexual a ni\u00f1os, ni\u00f1as y adolescentes, se dise\u00f1\u00f3 y public\u00f3 una Gu\u00eda de actuaci\u00f3n con el objetivo de mejorar la intervenci\u00f3n estatal, facilitar el acceso a la justicia y coordinar el acompa\u00f1amiento a las personas en situaci\u00f3n de v\u00edctima.<\/p>\n\n\n\n<p>A su vez, en el 2020 se aprob\u00f3 la Ley Nacional N\u00b0 27.590 Mica Ortega, la cual tiene como objetivo prevenir, sensibilizar y generar conciencia en la poblaci\u00f3n sobre la problem\u00e1tica de grooming o ciberacoso a trav\u00e9s del uso responsable de las Tecnolog\u00edas de la Informaci\u00f3n y la Comunicaci\u00f3n.<a href=\"javascript:void(0)\"><\/a><\/p>\n","protected":false},"excerpt":{"rendered":"<p>Unos 1.900 trabajadores y trabajadoras de organismos municipales y provinciales de los 135 municipios de&#8230;<\/p>\n","protected":false},"author":1,"featured_media":59656,"comment_status":"open","ping_status":"open","sticky":false,"template":"","format":"standard","meta":{"footnotes":""},"categories":[28],"tags":[],"class_list":["post-33566","post","type-post","status-publish","format-standard","has-post-thumbnail","hentry","category-la-provincia"],"_links":{"self":[{"href":"https:\/\/conurbanodiario.com.ar\/index.php?rest_route=\/wp\/v2\/posts\/33566","targetHints":{"allow":["GET"]}}],"collection":[{"href":"https:\/\/conurbanodiario.com.ar\/index.php?rest_route=\/wp\/v2\/posts"}],"about":[{"href":"https:\/\/conurbanodiario.com.ar\/index.php?rest_route=\/wp\/v2\/types\/post"}],"author":[{"embeddable":true,"href":"https:\/\/conurbanodiario.com.ar\/index.php?rest_route=\/wp\/v2\/users\/1"}],"replies":[{"embeddable":true,"href":"https:\/\/conurbanodiario.com.ar\/index.php?rest_route=%2Fwp%2Fv2%2Fcomments&post=33566"}],"version-history":[{"count":1,"href":"https:\/\/conurbanodiario.com.ar\/index.php?rest_route=\/wp\/v2\/posts\/33566\/revisions"}],"predecessor-version":[{"id":33568,"href":"https:\/\/conurbanodiario.com.ar\/index.php?rest_route=\/wp\/v2\/posts\/33566\/revisions\/33568"}],"wp:featuredmedia":[{"embeddable":true,"href":"https:\/\/conurbanodiario.com.ar\/index.php?rest_route=\/wp\/v2\/media\/59656"}],"wp:attachment":[{"href":"https:\/\/conurbanodiario.com.ar\/index.php?rest_route=%2Fwp%2Fv2%2Fmedia&parent=33566"}],"wp:term":[{"taxonomy":"category","embeddable":true,"href":"https:\/\/conurbanodiario.com.ar\/index.php?rest_route=%2Fwp%2Fv2%2Fcategories&post=33566"},{"taxonomy":"post_tag","embeddable":true,"href":"https:\/\/conurbanodiario.com.ar\/index.php?rest_route=%2Fwp%2Fv2%2Ftags&post=33566"}],"curies":[{"name":"wp","href":"https:\/\/api.w.org\/{rel}","templated":true}]}}