{"id":30503,"date":"2021-10-29T02:55:53","date_gmt":"2021-10-29T05:55:53","guid":{"rendered":"http:\/\/conurbanodiario.com.ar\/?p=30503"},"modified":"2021-11-01T05:33:30","modified_gmt":"2021-11-01T08:33:30","slug":"convenio-entre-el-incaa-y-la-municipalidad-de-general-pueyrredon-por-el-festival-de-mar-del-plata","status":"publish","type":"post","link":"https:\/\/conurbanodiario.com.ar\/?p=30503","title":{"rendered":"CONVENIO ENTRE EL INCAA Y LA MUNICIPALIDAD DE GENERAL PUEYRRED\u00d3N POR EL FESTIVAL DE MAR DEL PLATA"},"content":{"rendered":"\n<p>El Instituto Nacional de Cine y Artes Audiovisuales (Incaa) y la Municipalidad de General Pueyrredon firmaron un convenio de colaboraci\u00f3n para realizar la edici\u00f3n 36ta. del Festival Internacional de Cine de Mar del Plata, que se concretar\u00e1 entre el 18 y el 28 de noviembre pr\u00f3ximos.<\/p>\n\n\n\n<p>El anuncio del acuerdo para hacer posible la nueva edici\u00f3n del festival se realiz\u00f3 desde el tradicional complejo Torre\u00f3n Del Monje ubicado sobre Punta Piedras en la costa de la ciudad balnearia y se transmiti\u00f3 v\u00eda streaming para todo el pa\u00eds.<\/p>\n\n\n\n<p>Al acto asistieron el presidente del Festival Internacional de Cine de Mar del Plata, Fernando Juan Lima; su directora art\u00edstica, Cecilia Barrionuevo; y la productora general, Cecilia Diez; junto con el secretario de Cultura de la ciudad, Carlos Balmaceda, y el intendente de la Municipalidad de General Pueyrredon, Guillermo Montenegro.<\/p>\n\n\n\n<p>El jefe comunal resalt\u00f3 la importancia que Mar del Plata le asigna al evento porque \u00ablos fan\u00e1ticos del cine podr\u00e1n visitar la ciudad\u00bb que considera \u00abla m\u00e1s linda del mundo\u00bb, y felicit\u00f3 la los equipos \u00abque vienen trabajando en el festival, un trabajo que no fue simple en el contexto de la pandemia\u00bb.<\/p>\n\n\n\n<p>Por su parte, Fernando Juan Lima destac\u00f3 que el convenio \u00abrefleja lo que sucede en la realidad, la ciudad siente muy suyo el festival\u00bb.<\/p>\n\n\n\n<p>En ese sentido, ley\u00f3 la declaraci\u00f3n votada un\u00e1nimemente por el Concejo Deliberante de la Municipalidad de General Pueyrredon: \u00abLa edici\u00f3n 36 fue declarada especialmente de inter\u00e9s por el gran valor que significa para la ciudad volver a la presencialidad para la realizaci\u00f3n de un festival de &#8216;Categor\u00eda A&#8217; que reviste una categor\u00eda \u00fanica en el continente\u00bb.<\/p>\n\n\n\n<p>\u00abSi el festival se puede hacer este a\u00f1o es porque est\u00e1 la Naci\u00f3n, la provincia de Buenos Aires y la ciudad de Mar del Plata, y tambi\u00e9n los hoteleros, los gastron\u00f3micos, y todo el pueblo que espera ansioso que les digamos si se va a hacer el Festival del Mar del Plata y la respuesta es &#8216;s\u00ed, se va a hacer presencial'\u00bb, subray\u00f3 el presidente del festival, que en 2020 tuvo que mudar su formato a la virtualidad.<\/p>\n\n\n\n<p>Finalmente, a\u00f1adi\u00f3 que si hasta el momento no se brindaban m\u00e1s certezas \u00aben cuanto a la programaci\u00f3n e invitados de la muestra es \u00abporque la realidad es particularmente incierta en estos tiempos que corren\u00bb, en referencia a la pandemia de coronavirus y las dificultades que present\u00f3 para la organizaci\u00f3n del evento.<\/p>\n\n\n\n<p>Por \u00faltimo, Cecilia Diez, explic\u00f3 que \u00abel lanzamiento de programaci\u00f3n ser\u00e1 en los pr\u00f3ximos d\u00edas y se realizar\u00e1 por streaming a trav\u00e9s de la p\u00e1gina oficial del evento, donde se podr\u00e1n conocer m\u00e1s detalles\u00bb y aclar\u00f3 que si bien esta edici\u00f3n ser\u00e1 m\u00e1s reducida, \u00abla calidad de las pel\u00edculas de este a\u00f1o sigue siendo del mismo nivel internacional de siempre y Mar del Plata sigue teniendo la misma belleza de siempre\u00bb.<\/p>\n\n\n\n<p>El convenio de cooperaci\u00f3n se trabaj\u00f3 en articulaci\u00f3n entre el Incaa, el Ministerio de Cultura de la Naci\u00f3n, el Ministerio de Producci\u00f3n, Ciencia e Innovaci\u00f3n Tecnol\u00f3gica de la Provincia de Buenos Aires, la Secretar\u00eda de Cultura de Mar del Plata y la Municipalidad de General Pueyrredon.<a href=\"javascript:void(0)\"><\/a><\/p>\n","protected":false},"excerpt":{"rendered":"<p>El Instituto Nacional de Cine y Artes Audiovisuales (Incaa) y la Municipalidad de General Pueyrredon&#8230;<\/p>\n","protected":false},"author":1,"featured_media":59656,"comment_status":"open","ping_status":"open","sticky":false,"template":"","format":"standard","meta":{"footnotes":""},"categories":[8],"tags":[],"class_list":["post-30503","post","type-post","status-publish","format-standard","has-post-thumbnail","hentry","category-cultura"],"_links":{"self":[{"href":"https:\/\/conurbanodiario.com.ar\/index.php?rest_route=\/wp\/v2\/posts\/30503","targetHints":{"allow":["GET"]}}],"collection":[{"href":"https:\/\/conurbanodiario.com.ar\/index.php?rest_route=\/wp\/v2\/posts"}],"about":[{"href":"https:\/\/conurbanodiario.com.ar\/index.php?rest_route=\/wp\/v2\/types\/post"}],"author":[{"embeddable":true,"href":"https:\/\/conurbanodiario.com.ar\/index.php?rest_route=\/wp\/v2\/users\/1"}],"replies":[{"embeddable":true,"href":"https:\/\/conurbanodiario.com.ar\/index.php?rest_route=%2Fwp%2Fv2%2Fcomments&post=30503"}],"version-history":[{"count":1,"href":"https:\/\/conurbanodiario.com.ar\/index.php?rest_route=\/wp\/v2\/posts\/30503\/revisions"}],"predecessor-version":[{"id":30505,"href":"https:\/\/conurbanodiario.com.ar\/index.php?rest_route=\/wp\/v2\/posts\/30503\/revisions\/30505"}],"wp:featuredmedia":[{"embeddable":true,"href":"https:\/\/conurbanodiario.com.ar\/index.php?rest_route=\/wp\/v2\/media\/59656"}],"wp:attachment":[{"href":"https:\/\/conurbanodiario.com.ar\/index.php?rest_route=%2Fwp%2Fv2%2Fmedia&parent=30503"}],"wp:term":[{"taxonomy":"category","embeddable":true,"href":"https:\/\/conurbanodiario.com.ar\/index.php?rest_route=%2Fwp%2Fv2%2Fcategories&post=30503"},{"taxonomy":"post_tag","embeddable":true,"href":"https:\/\/conurbanodiario.com.ar\/index.php?rest_route=%2Fwp%2Fv2%2Ftags&post=30503"}],"curies":[{"name":"wp","href":"https:\/\/api.w.org\/{rel}","templated":true}]}}