{"id":30489,"date":"2021-10-29T02:24:40","date_gmt":"2021-10-29T05:24:40","guid":{"rendered":"http:\/\/conurbanodiario.com.ar\/?p=30489"},"modified":"2021-11-01T05:33:31","modified_gmt":"2021-11-01T08:33:31","slug":"partio-el-vuelo-del-presidente-rumbo-a-europa-para-participar-del-g20","status":"publish","type":"post","link":"https:\/\/conurbanodiario.com.ar\/?p=30489","title":{"rendered":"PARTI\u00d3 EL VUELO DEL PRESIDENTE RUMBO A EUROPA PARA PARTICIPAR DEL G20"},"content":{"rendered":"\n<p>El vuelo del presidente Alberto Fern\u00e1ndez parti\u00f3 a las 22.45 de ayer rumbo a Roma, donde el mandatario participar\u00e1 de la Cumbre de L\u00edderes del G20 que se desarrollar\u00e1 el s\u00e1bado y el domingo, y luego se dirigir\u00e1 a la ciudad escocesa de Glasgow para intervenir en la Conferencia de las Naciones Unidas sobre el Cambio Clim\u00e1tico (COP26).<\/p>\n\n\n\n<p>Acompa\u00f1ado por la primera dama, Fabiola Y\u00e1\u00f1ez, y la comitiva oficial, el mandatario parti\u00f3 desde el aeropuerto internacional Ministro Pistarini de la localidad bonaerense de Ezeiza.<\/p>\n\n\n\n<p>Antes de la partida del vuelo, Fern\u00e1ndez y Y\u00e1\u00f1ez saludaron a la tripulaci\u00f3n de Aerol\u00edneas Argentinas.<\/p>\n\n\n\n<p>Fern\u00e1ndez mantendr\u00e1 en ambas ciudades europeas una agenda que incluye casi una decena de reuniones bilaterales de alto nivel ya confirmadas, entre ellas con la titular del Fondo Monetario Internacional (FMI), Kristalina Georgieva.<\/p>\n\n\n\n<p>La comitiva presidencial est\u00e1 integrada por los ministros de Relaciones Exteriores, Comercio Internacional y Culto, Santiago Cafiero; de Medio Ambiente, Juan Cabandi\u00e9; de Agricultura, Juli\u00e1n Dom\u00ednguez, y el embajador argentino ante los Estados Unidos y sherpa en el G20 Jorge Arg\u00fcello; seg\u00fan informaron fuentes oficiales.<\/p>\n\n\n\n<p>Tambi\u00e9n viajaron la portavoz Gabriela Cerruti; los secretarios General de la Presidencia, Julio Vitobello y de Asuntos Estrat\u00e9gicos, Gustavo Beliz; y el jefe de Asesores, Juan Manuel Olmos, adem\u00e1s de la asesora presidencial Cecilia Nicolini y el subsecretario de Comunicaci\u00f3n y Prensa, Marcelo Mart\u00edn.<\/p>\n\n\n\n<p>La actividad oficial en Italia comenzar\u00e1 el s\u00e1bado a partir de las 5, hora de la Argentina, en el Centro de Convenciones La Nuvola de Roma, donde los l\u00edderes y Jefes de Estado asistir\u00e1n a la ceremonia de bienvenida y, tras la tradicional foto oficial del evento, participar\u00e1n de la primera sesi\u00f3n plenaria del G20, que se realizar\u00e1 bajo la tem\u00e1tica \u00abEconom\u00eda global y salud global\u00bb.<\/p>\n\n\n\n<p>En el transcurso del mismo s\u00e1bado, el presidente Fern\u00e1ndez sostendr\u00e1 diversas reuniones bilaterales con l\u00edderes como Angela Merkel; el presidente del Consejo Europeo, Charles Michel; el Primer Ministro de Espa\u00f1a, Pedro S\u00e1nchez P\u00e9rez-Castej\u00f3n y la presidenta de la Comisi\u00f3n Europea, \u00darsula von der Leyen.<\/p>\n\n\n\n<p>En tanto, el ministro de Econom\u00eda, Mart\u00edn Guzm\u00e1n, lleg\u00f3 ayer a Roma para participar este viernes del encuentro de ministros de Finanzas y de Salud del G20, y para mantener reuniones bilaterales con Alemania, Francia, Rusia y la Comisi\u00f3n Europea, entre otros.<\/p>\n\n\n\n<p>Luego se sumar\u00e1 a la comitiva del Presidente en bilaterales y reuniones de distintas tem\u00e1ticas, desde econom\u00eda y salud global hasta apoyo a peque\u00f1as y medianas empresas, cambio clim\u00e1tico y desarrollo sostenible, como parte de la Cumbre de Lideres del G20.<a href=\"javascript:void(0)\"><\/a><\/p>\n","protected":false},"excerpt":{"rendered":"<p>El vuelo del presidente Alberto Fern\u00e1ndez parti\u00f3 a las 22.45 de ayer rumbo a Roma,&#8230;<\/p>\n","protected":false},"author":1,"featured_media":59656,"comment_status":"open","ping_status":"open","sticky":false,"template":"","format":"standard","meta":{"footnotes":""},"categories":[5],"tags":[],"class_list":["post-30489","post","type-post","status-publish","format-standard","has-post-thumbnail","hentry","category-el-pais"],"_links":{"self":[{"href":"https:\/\/conurbanodiario.com.ar\/index.php?rest_route=\/wp\/v2\/posts\/30489","targetHints":{"allow":["GET"]}}],"collection":[{"href":"https:\/\/conurbanodiario.com.ar\/index.php?rest_route=\/wp\/v2\/posts"}],"about":[{"href":"https:\/\/conurbanodiario.com.ar\/index.php?rest_route=\/wp\/v2\/types\/post"}],"author":[{"embeddable":true,"href":"https:\/\/conurbanodiario.com.ar\/index.php?rest_route=\/wp\/v2\/users\/1"}],"replies":[{"embeddable":true,"href":"https:\/\/conurbanodiario.com.ar\/index.php?rest_route=%2Fwp%2Fv2%2Fcomments&post=30489"}],"version-history":[{"count":1,"href":"https:\/\/conurbanodiario.com.ar\/index.php?rest_route=\/wp\/v2\/posts\/30489\/revisions"}],"predecessor-version":[{"id":30491,"href":"https:\/\/conurbanodiario.com.ar\/index.php?rest_route=\/wp\/v2\/posts\/30489\/revisions\/30491"}],"wp:featuredmedia":[{"embeddable":true,"href":"https:\/\/conurbanodiario.com.ar\/index.php?rest_route=\/wp\/v2\/media\/59656"}],"wp:attachment":[{"href":"https:\/\/conurbanodiario.com.ar\/index.php?rest_route=%2Fwp%2Fv2%2Fmedia&parent=30489"}],"wp:term":[{"taxonomy":"category","embeddable":true,"href":"https:\/\/conurbanodiario.com.ar\/index.php?rest_route=%2Fwp%2Fv2%2Fcategories&post=30489"},{"taxonomy":"post_tag","embeddable":true,"href":"https:\/\/conurbanodiario.com.ar\/index.php?rest_route=%2Fwp%2Fv2%2Ftags&post=30489"}],"curies":[{"name":"wp","href":"https:\/\/api.w.org\/{rel}","templated":true}]}}