{"id":30480,"date":"2021-10-29T03:06:25","date_gmt":"2021-10-29T06:06:25","guid":{"rendered":"http:\/\/conurbanodiario.com.ar\/?p=30480"},"modified":"2021-11-01T05:33:30","modified_gmt":"2021-11-01T08:33:30","slug":"el-radicalismo-esta-nuevamente-de-pie-para-encarar-un-nuevo-sueno-colectivo-advirtio-manes","status":"publish","type":"post","link":"https:\/\/conurbanodiario.com.ar\/?p=30480","title":{"rendered":"\u00abEL RADICALISMO EST\u00c1 NUEVAMENTE DE PIE PARA ENCARAR UN NUEVO SUE\u00d1O COLECTIVO\u00bb, ADVIRTI\u00d3 MANES"},"content":{"rendered":"\n<p>El candidato a diputado nacional por la UCR de la provincia de Buenos Aires Facundo Manes advirti\u00f3 que el radicalismo \u00abest\u00e1 nuevamente de pie para encarar un nuevo sue\u00f1o colectivo\u00bb y afirm\u00f3 que \u00abuna nueva Argentina\u00bb necesita un \u00abnuevo radicalismo, que mire m\u00e1s al futuro y lo siente en la mesa de decisi\u00f3n\u00bb.<\/p>\n\n\n\n<p>\u00abVenimos a proponer otra revoluci\u00f3n, la que nos va a sacar del pozo, y es la del progreso, la que llamamos revoluci\u00f3n del conocimiento\u00bb, manifest\u00f3 Manes en el acto que la UCR hizo en el microestadio del Club Ferro, en el barrio porte\u00f1o de Caballito, donde buena parte de su dirigencia se convoc\u00f3 a d\u00edas de cumplirse el pr\u00f3ximo s\u00e1bado 38 a\u00f1os del triunfo electoral de Ra\u00fal Alfons\u00edn en 1983.<\/p>\n\n\n\n<p>Manes expres\u00f3 que \u00abvolver a la cancha de Ferro significa que el radicalismo est\u00e1 nuevamente de pie\u00bb para \u00abencarar un nuevo sue\u00f1o colectivo, como en el 83 fue la reconstrucci\u00f3n democr\u00e1tica\u00bb.<\/p>\n\n\n\n<p>\u00abEstamos de pie para terminar con al decadencia argentina, para encarar la prosperidad, el desarrollo y los desaf\u00edos del siglo XXI\u00bb, sostuvo; destac\u00f3 que \u00abhoy a la Argentina le hace falta un proyecto similar\u00bb al del &#8217;83 y se\u00f1al\u00f3 que \u00ablo que necesita nuestro pa\u00eds en estos tiempos tiene nuestro nombre, porque Argentina necesita un cambio radical\u00bb.<\/p>\n\n\n\n<p>El candidato a legislador expres\u00f3 que \u00abnecesitamos un nuevo radicalismo para un nuevo mundo y una nueva Argentina\u00bb y destac\u00f3 que \u00abdebemos empezar por casa\u00bb.<\/p>\n\n\n\n<p>\u00abLos partidos no tienen derecho a existir para siempre si no se reforman, si no son flexibles\u00bb, manifest\u00f3 Manes en el acto que busc\u00f3 recuperar la m\u00edstica del gobierno de Alfons\u00edn y advirti\u00f3 que \u00abuna nueva Argentina necesita un nuevo radicalismo, que mire m\u00e1s al futuro y lo siente en la mesa de decisi\u00f3n\u00bb.<\/p>\n\n\n\n<p>En ese sentido, dijo que se trata de \u00abun radicalismo donde los liderazgos individuales no est\u00e9n por encima de los intereses de la Argentina\u00bb y sostuvo que \u00abeste no es momento para las ma\u00f1as de la vieja pol\u00edtica, nadie nos va a detener, pero tenemos que saber que con este nuevo radicalismo no va a alcanzar\u00bb.<\/p>\n\n\n\n<p>\u00abPor eso es clave que cada vez seamos m\u00e1s\u00bb, remarc\u00f3 y afirm\u00f3 que \u00abesta es una corriente de centro popular que marcar\u00e1 el camino de los pr\u00f3ximos a\u00f1os de la Argentina\u00bb.<\/p>\n\n\n\n<p>En otra parte de su discurso, Manes se\u00f1al\u00f3 que \u00abno hay nada m\u00e1s conservador que la grieta que nos proponen desde arriba\u00bb y dijo que \u00abes hora de levantarnos y creer en nosotros mismos\u00bb.<\/p>\n\n\n\n<p>\u00abAhora es el momento de vencer el fracaso de las divisiones pol\u00edticas, de los privilegios\u00bb, manifest\u00f3 y sostuvo: \u00absepan todos los argentinos que la UCR no va a parar hasta encaminar a la Argentina hacia el desarrollo\u00bb.<\/p>\n\n\n\n<p>El acto fue organizado por la filial bonaerense del partido bajo el lema \u00abVolver a la Cancha\u00bb en el mismo estadio donde Alfons\u00edn realizaba sus m\u00edtines en la campa\u00f1a de 1983, en busca de posicionar al radicalismo dentro de la coalici\u00f3n opositora de Juntos por el Cambio (JxC) a partir de la incorporaci\u00f3n de Manes.<\/p>\n\n\n\n<p>En el evento estuvieron el gobernador de Jujuy, Gerardo Morales; el titular de la UCR nacional, Alfredo Cornejo; Ernesto Sanz; el titular del interbloque de JxC en Diputados, Mario Negri; su par en el Senado, Luis Naidenoff; el gobernador de Corrientes, Gustavo Vald\u00e9s y la vicepresidenta de la UCR, Alejandra Lord\u00e9n, entre otros dirigentes.<\/p>\n\n\n\n<p>Entre los referentes que no asistieron se encuentran el gobernador de Mendoza, Rodolfo Su\u00e1rez, y el senador Mart\u00edn Lousteau, quien realiz\u00f3 una actividad en Catamarca.<\/p>\n\n\n\n<p>En el acto tambi\u00e9n habl\u00f3 el presidente del Comit\u00e9 de la UCR de la provincia de Buenos Aires, Maximiliano Abad, uno de los hombres que impuls\u00f3 con m\u00e1s fuerza la candidatura de Manes, y quien sostuvo que \u00abcuando el radicalismo de la provincia de Buenos Aires est\u00e1 fuerte el radicalismo nacional crece\u00bb.<\/p>\n\n\n\n<p>Por su parte, la intendenta de General Arenales y vicepresidenta de la UCR bonaerense, Erica Revilla, sostuvo que \u00absomos radicales y sabemos gobernar\u00bb, expres\u00f3 que \u00abes el momento\u00bb, por lo que \u00absalgamos a la cancha\u00bb porque \u00aball\u00e1 vamos, vamos a fortalecer a Juntos\u00bb.<\/p>\n\n\n\n<p>\u00abEs momento de levantarse y marchar, como dec\u00eda Ra\u00fal Alfons\u00edn, es momento de caminar y explotar las urnas en noviembre, vamos en camino de ser presidentes en 2023\u00bb, destac\u00f3 la intendenta.<a href=\"javascript:void(0)\"><\/a><\/p>\n","protected":false},"excerpt":{"rendered":"<p>El candidato a diputado nacional por la UCR de la provincia de Buenos Aires Facundo&#8230;<\/p>\n","protected":false},"author":1,"featured_media":59656,"comment_status":"open","ping_status":"open","sticky":false,"template":"","format":"standard","meta":{"footnotes":""},"categories":[35],"tags":[],"class_list":["post-30480","post","type-post","status-publish","format-standard","has-post-thumbnail","hentry","category-politica"],"_links":{"self":[{"href":"https:\/\/conurbanodiario.com.ar\/index.php?rest_route=\/wp\/v2\/posts\/30480","targetHints":{"allow":["GET"]}}],"collection":[{"href":"https:\/\/conurbanodiario.com.ar\/index.php?rest_route=\/wp\/v2\/posts"}],"about":[{"href":"https:\/\/conurbanodiario.com.ar\/index.php?rest_route=\/wp\/v2\/types\/post"}],"author":[{"embeddable":true,"href":"https:\/\/conurbanodiario.com.ar\/index.php?rest_route=\/wp\/v2\/users\/1"}],"replies":[{"embeddable":true,"href":"https:\/\/conurbanodiario.com.ar\/index.php?rest_route=%2Fwp%2Fv2%2Fcomments&post=30480"}],"version-history":[{"count":1,"href":"https:\/\/conurbanodiario.com.ar\/index.php?rest_route=\/wp\/v2\/posts\/30480\/revisions"}],"predecessor-version":[{"id":30482,"href":"https:\/\/conurbanodiario.com.ar\/index.php?rest_route=\/wp\/v2\/posts\/30480\/revisions\/30482"}],"wp:featuredmedia":[{"embeddable":true,"href":"https:\/\/conurbanodiario.com.ar\/index.php?rest_route=\/wp\/v2\/media\/59656"}],"wp:attachment":[{"href":"https:\/\/conurbanodiario.com.ar\/index.php?rest_route=%2Fwp%2Fv2%2Fmedia&parent=30480"}],"wp:term":[{"taxonomy":"category","embeddable":true,"href":"https:\/\/conurbanodiario.com.ar\/index.php?rest_route=%2Fwp%2Fv2%2Fcategories&post=30480"},{"taxonomy":"post_tag","embeddable":true,"href":"https:\/\/conurbanodiario.com.ar\/index.php?rest_route=%2Fwp%2Fv2%2Ftags&post=30480"}],"curies":[{"name":"wp","href":"https:\/\/api.w.org\/{rel}","templated":true}]}}