{"id":30446,"date":"2021-10-27T13:52:53","date_gmt":"2021-10-27T16:52:53","guid":{"rendered":"http:\/\/conurbanodiario.com.ar\/?p=30446"},"modified":"2021-11-01T05:33:37","modified_gmt":"2021-11-01T08:33:37","slug":"balean-a-una-embarazada-en-remedios-de-escalada-y-buscan-a-un-ex-como-el-presunto-tirador","status":"publish","type":"post","link":"https:\/\/conurbanodiario.com.ar\/?p=30446","title":{"rendered":"BALEAN A UNA EMBARAZADA EN REMEDIOS DE ESCALADA Y BUSCAN A UN EX COMO EL PRESUNTO TIRADOR"},"content":{"rendered":"\n<p>Una mujer de 33 a\u00f1os y embarazada de seis meses fue baleada hoy en la puerta de su casa de la localidad bonaerense de Remedios de Escalada y por el caso, que se investiga como una presunta tentativa de femicidio, buscan a una expareja de la v\u00edctima, informaron fuentes policiales.<\/p>\n\n\n\n<p>La v\u00edctima fue identificada por la polic\u00eda como Antonella Mar\u00eda Pi\u00f1ones (33) y el hecho ocurri\u00f3 alrededor de las 11.30 en la puerta de un domicilio de la calle Alzaga 3.100 de la mencionada localidad del partido de Lan\u00fas, en el sur del conurbano.<\/p>\n\n\n\n<p>A ra\u00edz de un llamado al 911, al lugar arrib\u00f3 personal de la comisar\u00eda 8va. de Villa Obrera, con jurisdicci\u00f3n en la zona, quien se encontr\u00f3 con Pi\u00f1ones con una herida de arma de fuego en la zona abdominal y otra en una pierna.<\/p>\n\n\n\n<p>La mujer embarazada fue trasladada de urgencia por una ambulancia del SAME al Hospital Evita de Lan\u00fas, donde permanec\u00eda esta tarde internada.<\/p>\n\n\n\n<p>El testimonio de una hermana de la v\u00edctima a los polic\u00edas fue clave para orientar la investigaci\u00f3n a un presunto intento de femicidio.<\/p>\n\n\n\n<p>Es que la testigo afirm\u00f3 que el ataque se dio cuando al lugar lleg\u00f3 una moto tipo Suzuki con dos hombres, uno de los cuales efectu\u00f3 varios balazos y que hab\u00eda logrado reconocer al tirador como una expareja de su hermana.<\/p>\n\n\n\n<p>Siempre seg\u00fan las fuentes consultadas, la hermana dijo que la relaci\u00f3n entre su hermana y el sospechoso hab\u00eda terminado hace medio a\u00f1o y que el hombre hab\u00eda recuperado su libertad hace poco tiempo de una unidad carcelaria.<\/p>\n\n\n\n<p>Un jefe policial asegur\u00f3 a T\u00e9lam que se est\u00e1 trabajando con c\u00e1maras de seguridad y con los datos aportados por testigos para localizar y detener al sospechoso.<\/p>\n\n\n\n<p>La causa, caratulada como \u201cfemicidio en grado de tentativa\u201d, qued\u00f3 en manos de la Unidad Funcional de Instrucci\u00f3n en turno de Avellaneda-Lan\u00fas.<a href=\"javascript:void(0)\"><\/a><\/p>\n","protected":false},"excerpt":{"rendered":"<p>Una mujer de 33 a\u00f1os y embarazada de seis meses fue baleada hoy en la&#8230;<\/p>\n","protected":false},"author":1,"featured_media":59656,"comment_status":"open","ping_status":"open","sticky":false,"template":"","format":"standard","meta":{"footnotes":""},"categories":[10],"tags":[],"class_list":["post-30446","post","type-post","status-publish","format-standard","has-post-thumbnail","hentry","category-seguridad"],"_links":{"self":[{"href":"https:\/\/conurbanodiario.com.ar\/index.php?rest_route=\/wp\/v2\/posts\/30446","targetHints":{"allow":["GET"]}}],"collection":[{"href":"https:\/\/conurbanodiario.com.ar\/index.php?rest_route=\/wp\/v2\/posts"}],"about":[{"href":"https:\/\/conurbanodiario.com.ar\/index.php?rest_route=\/wp\/v2\/types\/post"}],"author":[{"embeddable":true,"href":"https:\/\/conurbanodiario.com.ar\/index.php?rest_route=\/wp\/v2\/users\/1"}],"replies":[{"embeddable":true,"href":"https:\/\/conurbanodiario.com.ar\/index.php?rest_route=%2Fwp%2Fv2%2Fcomments&post=30446"}],"version-history":[{"count":1,"href":"https:\/\/conurbanodiario.com.ar\/index.php?rest_route=\/wp\/v2\/posts\/30446\/revisions"}],"predecessor-version":[{"id":30447,"href":"https:\/\/conurbanodiario.com.ar\/index.php?rest_route=\/wp\/v2\/posts\/30446\/revisions\/30447"}],"wp:featuredmedia":[{"embeddable":true,"href":"https:\/\/conurbanodiario.com.ar\/index.php?rest_route=\/wp\/v2\/media\/59656"}],"wp:attachment":[{"href":"https:\/\/conurbanodiario.com.ar\/index.php?rest_route=%2Fwp%2Fv2%2Fmedia&parent=30446"}],"wp:term":[{"taxonomy":"category","embeddable":true,"href":"https:\/\/conurbanodiario.com.ar\/index.php?rest_route=%2Fwp%2Fv2%2Fcategories&post=30446"},{"taxonomy":"post_tag","embeddable":true,"href":"https:\/\/conurbanodiario.com.ar\/index.php?rest_route=%2Fwp%2Fv2%2Ftags&post=30446"}],"curies":[{"name":"wp","href":"https:\/\/api.w.org\/{rel}","templated":true}]}}